{"id":144122,"date":"2023-02-28T12:08:16","date_gmt":"2023-02-28T11:08:16","guid":{"rendered":"https:\/\/www.messinaoggi.it\/website\/2023\/02\/28\/la-postura-del-nostro-corpo-e-in-grado-di-influenzare-salute-e-umore\/"},"modified":"2023-02-28T12:08:16","modified_gmt":"2023-02-28T11:08:16","slug":"la-postura-del-nostro-corpo-e-in-grado-di-influenzare-salute-e-umore","status":"publish","type":"post","link":"https:\/\/www.messinaoggi.it\/website\/2023\/02\/28\/la-postura-del-nostro-corpo-e-in-grado-di-influenzare-salute-e-umore\/","title":{"rendered":"La postura del nostro corpo \u00e8 in grado di influenzare salute e umore"},"content":{"rendered":"<div>MILANO (ITALPRESS) &#8211; La postura \u00e8 la posizione del corpo umano nello spazio in relazione ai diversi segmenti corporei quali busto, arti superiori e arti inferiori. Secondo la definizione generale, la postura \u00e8 corretta quanto il nostro corpo assume nello spazio la posizione pi\u00f9 idonea per compiere, sia da fermi, sia in movimento, tutte le funzioni antigravitarie con il minor dispendio energetico. La postura \u00e8 determinata da fattori neurofisiologici, biomeccanici, emotivi, psicologici e relazionali e cambia nel tempo anche a causa di cattive abitudini e del lavoro svolto. Quando \u00e8 scorretta pu\u00f2 dar luogo a modificazioni della struttura scheletrica quali scoliosi, iperlordosi e ipercifosi. La posizione del nostro corpo nello spazio dice molto di noi ma allo stesso tempo \u00e8 in grado di influenzare la nostra salute, il nostro umore e la nostra efficienza. La postura \u00e8 uno dei temi affrontati da Jean-Pierre Meersseman, chiropratico, intervistato da Marco Klinger, per Medicina Top, format tv dell&#8217;agenzia di stampa Italpress.<br \/>La chiropratica &#8220;\u00e8 un approccio sulla salute di una persona che tiene conto di fattori chimici, strutturali e anche emotivi&#8221;, ha spiegato Meersseman. &#8220;Il sistema nervoso &#8211; ha continuato &#8211; controlla il nostro corpo. Gli impulsi del cervello vengono trasmessi lungo il midollo spinale e i vari nervi. Se c&#8217;\u00e8 un&#8217;interferenza nella trasmissione di questi impulsi il muscolo pu\u00f2 fare due cose: o reagisce normalmente o diventa estremamente indebolito o ipertonico. Si tratta di trovare questi punti di interferenza lungo la colonna vertebrale. In realt\u00e0, poi, sull&#8217;equilibrio della colonna vertebrale incidono tanti fattori&#8221;.<br \/>Per Meersseman la postura &#8220;\u00e8 migliorabile&#8221;. &#8220;La prima cosa da fare &#8211; ha sottolineato &#8211; \u00e8 una visita ortopedica adeguata o con qualcuno che se ne intende di postura e ha la qualifica per farlo. Poi si pu\u00f2 decidere quale indirizzo terapeutico prendere. Pu\u00f2 essere fare ginnastica posturale o correttiva o portare un busto. In realt\u00e0, la postura &#8211; ha aggiunto &#8211; non \u00e8 soltanto la parte statica. Qualsiasi posizione nello spazio \u00e8 postura. Parliamo anche di spazialit\u00e0 e di equilibrio&#8221;.<br \/>Ci sono anche benefici psichici. &#8220;Per esempio &#8211; ha detto -, per qualcuno che sta con le spalle in avanti e leggermente incurvato \u00e8 difficile sorridere. Quando qualcuno si stente gi\u00f9 di corda e prova a raddrizzarsi davanti allo specchio, quasi immediatamente ha un sorriso sulle labbra e si sente meglio&#8221;.<br \/>Qual \u00e8, quindi, la raccomandazione da dare? &#8220;Se la persona \u00e8 sana e non ha problemi apparenti &#8211; ha affermato il chiropratico &#8211; direi soprattutto di fare regolarmente un&#8217;attivit\u00e0 fisica adeguata&#8221;. Per Meersseman \u00e8 necessario fare &#8220;sport moderato, preferibilmente non di contatto o ginnastica regolare. Pu\u00f2 anche essere &#8211; ha concluso &#8211; una camminata tutti i giorni di venti minuti o mezz&#8217;ora in modo intenso, correre con moderazione&#8221;.<div id=\"div-gpt-ad-Messinaoggi.it-DSK-300x250-corpoart\" style=\"text-align:center;margin:0 auto;\"><\/div><\/p>\n<p>&#8211; foto Italpress &#8211;<br \/>(ITALPRESS).<\/div>\n<div id=\"videoincontent\" style=\"clear:both\";><\/div>","protected":false},"excerpt":{"rendered":"<p>MILANO (ITALPRESS) &#8211; La postura \u00e8 la posizione del corpo umano nello spazio in relazione ai diversi segmenti corporei quali busto, arti superiori e arti inferiori. Secondo la definizione generale, la postura \u00e8 corretta quanto il nostro corpo assume nello spazio la posizione pi\u00f9 idonea per compiere, sia da fermi, sia in movimento, tutte le [&hellip;]<\/p>\n","protected":false},"author":18,"featured_media":144123,"comment_status":"closed","ping_status":"closed","sticky":false,"template":"","format":"standard","meta":{"ub_ctt_via":"","_mi_skip_tracking":false},"categories":[446],"tags":[783],"featured_image_src":"https:\/\/www.messinaoggi.it\/website\/wp-content\/uploads\/2023\/02\/20230228_0387.jpg","author_info":{"display_name":"Admin","author_link":"https:\/\/www.messinaoggi.it\/website\/author\/admin\/"},"digistream_id":0,"digistream":false,"_links":{"self":[{"href":"https:\/\/www.messinaoggi.it\/website\/wp-json\/wp\/v2\/posts\/144122"}],"collection":[{"href":"https:\/\/www.messinaoggi.it\/website\/wp-json\/wp\/v2\/posts"}],"about":[{"href":"https:\/\/www.messinaoggi.it\/website\/wp-json\/wp\/v2\/types\/post"}],"author":[{"embeddable":true,"href":"https:\/\/www.messinaoggi.it\/website\/wp-json\/wp\/v2\/users\/18"}],"replies":[{"embeddable":true,"href":"https:\/\/www.messinaoggi.it\/website\/wp-json\/wp\/v2\/comments?post=144122"}],"version-history":[{"count":0,"href":"https:\/\/www.messinaoggi.it\/website\/wp-json\/wp\/v2\/posts\/144122\/revisions"}],"wp:featuredmedia":[{"embeddable":true,"href":"https:\/\/www.messinaoggi.it\/website\/wp-json\/wp\/v2\/media\/144123"}],"wp:attachment":[{"href":"https:\/\/www.messinaoggi.it\/website\/wp-json\/wp\/v2\/media?parent=144122"}],"wp:term":[{"taxonomy":"category","embeddable":true,"href":"https:\/\/www.messinaoggi.it\/website\/wp-json\/wp\/v2\/categories?post=144122"},{"taxonomy":"post_tag","embeddable":true,"href":"https:\/\/www.messinaoggi.it\/website\/wp-json\/wp\/v2\/tags?post=144122"}],"curies":[{"name":"wp","href":"https:\/\/api.w.org\/{rel}","templated":true}]}}