{"id":144099,"date":"2023-02-28T10:07:51","date_gmt":"2023-02-28T09:07:51","guid":{"rendered":"https:\/\/www.messinaoggi.it\/website\/2023\/02\/28\/pd-renzi-la-vittoria-di-schlein-cambia-la-politica-italiana\/"},"modified":"2023-02-28T10:47:48","modified_gmt":"2023-02-28T09:47:48","slug":"pd-renzi-la-vittoria-di-schlein-cambia-la-politica-italiana","status":"publish","type":"post","link":"https:\/\/www.messinaoggi.it\/website\/2023\/02\/28\/pd-renzi-la-vittoria-di-schlein-cambia-la-politica-italiana\/","title":{"rendered":"Pd, Renzi \u201cLa vittoria di Schlein cambia la politica italiana\u201d"},"content":{"rendered":"<div>ROMA (ITALPRESS) &#8211; &#8220;La vittoria di Elly Schlein alle primarie del PD cambia la politica italiana. Voglio farle i complimenti perch\u00e8 vincere le primarie con un milione di partecipanti richiede tenacia e coraggio. E ovviamente complimenti anche a Stefano Bonaccini per la battaglia leale&#8221;. E&#8217; quanto scrive il leader di Italia Viva, Matteo Renzi, nella sua Enews.<br \/>&#8220;Ma al di l\u00e0 degli aspetti personali la questione \u00e8 politica.<br \/>Ci\u00f2 che \u00e8 avvenuto \u00e8 molto importante -aggiunge -Il PD diventa un partito di sinistra-sinistra che compete direttamente con il Movimento Cinque Stelle e assorbe i partitini di sinistra radicale. Non si tratta di esprimere un giudizio di merito, dire se si \u00e8 d&#8217;accordo o meno: \u00e8 un dato di fatto che la vittoria di Schlein cambia la pelle del PD. Qualcuno pensa che ci\u00f2 sia un bene, qualcuno pensa che ci\u00f2 sia un male: comunque la si pensi, tutti devono riconoscere che \u00e8 un dato di fatto. Ed \u00e8 un fatto di chiarezza importantissimo&#8221;.<br \/>-foto agenziafotogramma.it-<br \/>(ITALPRESS).<\/div>\n<div id=\"div-gpt-ad-Messinaoggi.it-DSK-300x250-corpoart\" style=\"text-align:center;margin:0 auto;\"><\/div><\/p><div id=\"videoincontent\" style=\"clear:both\";><\/div>","protected":false},"excerpt":{"rendered":"<p>ROMA (ITALPRESS) &#8211; &#8220;La vittoria di Elly Schlein alle primarie del PD cambia la politica italiana. Voglio farle i complimenti perch\u00e8 vincere le primarie con un milione di partecipanti richiede tenacia e coraggio. E ovviamente complimenti anche a Stefano Bonaccini per la battaglia leale&#8221;. E&#8217; quanto scrive il leader di Italia Viva, Matteo Renzi, nella [&hellip;]<\/p>\n","protected":false},"author":18,"featured_media":144100,"comment_status":"closed","ping_status":"closed","sticky":false,"template":"","format":"standard","meta":{"ub_ctt_via":"","_mi_skip_tracking":false},"categories":[446,4],"tags":[783],"featured_image_src":"https:\/\/www.messinaoggi.it\/website\/wp-content\/uploads\/2023\/02\/20230228_0183-300x208-1.jpg","author_info":{"display_name":"Admin","author_link":"https:\/\/www.messinaoggi.it\/website\/author\/admin\/"},"digistream_id":0,"digistream":false,"_links":{"self":[{"href":"https:\/\/www.messinaoggi.it\/website\/wp-json\/wp\/v2\/posts\/144099"}],"collection":[{"href":"https:\/\/www.messinaoggi.it\/website\/wp-json\/wp\/v2\/posts"}],"about":[{"href":"https:\/\/www.messinaoggi.it\/website\/wp-json\/wp\/v2\/types\/post"}],"author":[{"embeddable":true,"href":"https:\/\/www.messinaoggi.it\/website\/wp-json\/wp\/v2\/users\/18"}],"replies":[{"embeddable":true,"href":"https:\/\/www.messinaoggi.it\/website\/wp-json\/wp\/v2\/comments?post=144099"}],"version-history":[{"count":1,"href":"https:\/\/www.messinaoggi.it\/website\/wp-json\/wp\/v2\/posts\/144099\/revisions"}],"predecessor-version":[{"id":144105,"href":"https:\/\/www.messinaoggi.it\/website\/wp-json\/wp\/v2\/posts\/144099\/revisions\/144105"}],"wp:featuredmedia":[{"embeddable":true,"href":"https:\/\/www.messinaoggi.it\/website\/wp-json\/wp\/v2\/media\/144100"}],"wp:attachment":[{"href":"https:\/\/www.messinaoggi.it\/website\/wp-json\/wp\/v2\/media?parent=144099"}],"wp:term":[{"taxonomy":"category","embeddable":true,"href":"https:\/\/www.messinaoggi.it\/website\/wp-json\/wp\/v2\/categories?post=144099"},{"taxonomy":"post_tag","embeddable":true,"href":"https:\/\/www.messinaoggi.it\/website\/wp-json\/wp\/v2\/tags?post=144099"}],"curies":[{"name":"wp","href":"https:\/\/api.w.org\/{rel}","templated":true}]}}