{"id":14408,"date":"2018-01-17T09:22:31","date_gmt":"2018-01-17T08:22:31","guid":{"rendered":"http:\/\/www.messinaoggi.it\/website\/?p=14408"},"modified":"2018-01-17T09:22:31","modified_gmt":"2018-01-17T08:22:31","slug":"fondi-per-il-meridione-bisignano-ricorda-le-scelte-del-governo-basta-polemiche-pretestuose","status":"publish","type":"post","link":"https:\/\/www.messinaoggi.it\/website\/2018\/01\/17\/fondi-per-il-meridione-bisignano-ricorda-le-scelte-del-governo-basta-polemiche-pretestuose\/","title":{"rendered":"Fondi per il Meridione, Bisignano ricorda le scelte del Governo: &quot;Basta polemiche pretestuose&quot;"},"content":{"rendered":"<p style=\"text-align: justify;\"><em>\u201cNel triennio 2018-2020 la Regione Siciliana avr\u00e0, come confermato recentemente dal Presidente Musumeci, la disponibilit\u00e0 di fondi per investimenti per circa sette miliardi di euro, derivanti dai fondi strutturali comunitari, dai fondi per la coesione, e dai Patti per il Sud, sottoscritti con le Regioni e le Citt\u00e0 Metropolitane Meridionali\u201d.<\/em><div id=\"div-gpt-ad-Messinaoggi.it-DSK-300x250-corpoart\" style=\"text-align:center;margin:0 auto;\"><\/div><\/p>\n<p style=\"text-align: justify;\">A ricordarlo \u00e8 l\u2019ex assessore \u00a0provinciale, adesso esponente di Labormetro, Michele Bisignano, che difende le scelte del Governo nazionale in merito alle politiche attuate nel meridione: <em>\u201cLe critiche che hanno posto in evidenza una scarsa attenzione nei confronti del nostro territorio; perch\u00e9 i finanziamenti sono stati erogati non per scelte discrezionali o spinte localistiche, ma in base ai progetti esecutivi e cantierabili presentati dai vari enti locali. Inoltre, la strumentalit\u00e0 di certi attacchi emerge se si fa riferimento ad una serie di interventi strutturali attuati proprio per il Meridione. A partire dai Patti per il Sud, declinati nei Patti con le Regioni e le Citt\u00e0 Metropolitane, concretizzatisi in diversi miliardi di euro, destinati anche, in parte, all&#8217;Area Metropolitana di Messina, o il &#8220;Decreto per il Sud&#8221;, con la individuazione delle Zes, per le quali, in mancanza di una forte ed organica iniziativa istituzionale ufficiale, rischiamo di diventare &#8220;appendice&#8221; di qualche altra realt\u00e0 territoriale. Od ancora vanno riscontrati altri interventi per le infrastrutture portuali e logistiche, compresa la piastra logistica di Tremestieri ed il secondo scalo, o per le infrastrutture ferroviarie in Sicilia, con la previsione di un collegamento diretto Messina-Catania-Palermo\u201d<\/em>.<div id=\"videoincontent\" style=\"clear:both\";><\/div><\/p>\n<p style=\"text-align: justify;\">Bisignano poi continua: \u201c<em>Tutti interventi, che insieme ad altri necessitano di un humus favorevole e di un territorio protagonista. Perch\u00e9 quello che manca, come \u00e8 stato messo in risalto nelle prese di posizione del Prof. Michele Limosani e del Segretario Generale della CISL Tonino Genovese, \u00e8 una visione strategica complessiva dello sviluppo della Citt\u00e0 di Messina e dell&#8217;intero territorio provinciale, che non pu\u00f2 risiedere solo in interventi settoriali\u200b. Interventi anche importanti e necessari ma che appaiono come segmenti disorganici fini a s\u00e9 stessi in mancanza di un quadro d&#8217;insieme che non pu\u00f2 essere coniugato solo mediante un nuovo parziale strumento urbanistico, ma che necessita di una pianificazione strategica, che faccia superare alla realt\u00e0 messinese una sorta di autoreferenzialit\u00e0 improduttiva\u201d.<\/em><\/p>\n","protected":false},"excerpt":{"rendered":"<p>\u201cNel triennio 2018-2020 la Regione Siciliana avr\u00e0, come confermato recentemente dal Presidente Musumeci, la disponibilit\u00e0 di fondi per investimenti per circa sette miliardi di euro, derivanti dai fondi strutturali comunitari, dai fondi per la coesione, e dai Patti per il Sud, sottoscritti con le Regioni e le Citt\u00e0 Metropolitane Meridionali\u201d. A ricordarlo \u00e8 l\u2019ex assessore [&hellip;]<\/p>\n","protected":false},"author":2,"featured_media":12472,"comment_status":"closed","ping_status":"open","sticky":false,"template":"","format":"standard","meta":{"ub_ctt_via":"","_mi_skip_tracking":false},"categories":[4],"tags":[],"featured_image_src":"https:\/\/www.messinaoggi.it\/website\/wp-content\/uploads\/2017\/12\/bisignano.jpg","author_info":{"display_name":"Redazione","author_link":"https:\/\/www.messinaoggi.it\/website\/author\/redazione\/"},"digistream_id":0,"digistream":false,"_links":{"self":[{"href":"https:\/\/www.messinaoggi.it\/website\/wp-json\/wp\/v2\/posts\/14408"}],"collection":[{"href":"https:\/\/www.messinaoggi.it\/website\/wp-json\/wp\/v2\/posts"}],"about":[{"href":"https:\/\/www.messinaoggi.it\/website\/wp-json\/wp\/v2\/types\/post"}],"author":[{"embeddable":true,"href":"https:\/\/www.messinaoggi.it\/website\/wp-json\/wp\/v2\/users\/2"}],"replies":[{"embeddable":true,"href":"https:\/\/www.messinaoggi.it\/website\/wp-json\/wp\/v2\/comments?post=14408"}],"version-history":[{"count":0,"href":"https:\/\/www.messinaoggi.it\/website\/wp-json\/wp\/v2\/posts\/14408\/revisions"}],"wp:featuredmedia":[{"embeddable":true,"href":"https:\/\/www.messinaoggi.it\/website\/wp-json\/wp\/v2\/media\/12472"}],"wp:attachment":[{"href":"https:\/\/www.messinaoggi.it\/website\/wp-json\/wp\/v2\/media?parent=14408"}],"wp:term":[{"taxonomy":"category","embeddable":true,"href":"https:\/\/www.messinaoggi.it\/website\/wp-json\/wp\/v2\/categories?post=14408"},{"taxonomy":"post_tag","embeddable":true,"href":"https:\/\/www.messinaoggi.it\/website\/wp-json\/wp\/v2\/tags?post=14408"}],"curies":[{"name":"wp","href":"https:\/\/api.w.org\/{rel}","templated":true}]}}