{"id":144065,"date":"2023-02-28T00:07:59","date_gmt":"2023-02-27T23:07:59","guid":{"rendered":"https:\/\/www.messinaoggi.it\/website\/2023\/02\/27\/meloni-chiama-schlein-mi-aspetto-unopposizione-durissima\/"},"modified":"2023-02-28T09:14:15","modified_gmt":"2023-02-28T08:14:15","slug":"meloni-chiama-schlein-mi-aspetto-unopposizione-durissima","status":"publish","type":"post","link":"https:\/\/www.messinaoggi.it\/website\/2023\/02\/28\/meloni-chiama-schlein-mi-aspetto-unopposizione-durissima\/","title":{"rendered":"Meloni chiama Schlein \u201cMi aspetto un\u2019opposizione durissima\u201d"},"content":{"rendered":"<div>ROMA (ITALPRESS) &#8211; &#8220;Penso che sia uno scenario molto interessante. Ho chiamato Elly Schlein per farle anche personalmente i miei auguri, ovviamente mi aspetto una opposizione durissima, io ho fatto una opposizione durissima&#8221;. Lo dice la premier Giorgia Meloni a &#8220;Cinque minuti&#8221; di Bruno Vespa. &#8220;Sono pronta al confronto&#8221;, aggiunge. <br \/>In merito al naufragio a Crotone &#8220;voglio ribadire il mio cordoglio per una tragedia che non pu\u00f2 lasciare nessuno indifferente. Dopo di che credo quello che \u00e8 accaduto dimostra quello che diciamo da sempre, tra le tante falsit\u00e0 che ho sentito in queste ore c&#8217;\u00e8 anche quella secondo la quale queste persone sarebbero naufragate a causa dei provvedimenti del governo sulle Ong. Ricordo che quella tratta non \u00e8 coperta dalle organizzazioni non governative e questo dimostra che il punto \u00e8 che pi\u00f9 gente parte pi\u00f9 gente rischia di morire&#8221;. &#8220;L&#8217;unico modo per affrontare seriamente con umanit\u00e0 questa materia \u00e8 fermare le partenze e su questo serve un&#8217;Europa che agisca in fretta&#8221; ha aggiunto &#8220;ed \u00e8 la ragione per la quale oggi stesso ho inviato una lettera al Consiglio europeo e alla Commissione europea per chiedere che venga immediatamente reso concreto quello che abbiamo discusso all&#8217;ultima riunione del Consiglio europeo&#8221;.<br \/>-foto agenziafotogramma.it-<br \/>(ITALPRESS).<\/div>\n<div id=\"div-gpt-ad-Messinaoggi.it-DSK-300x250-corpoart\" style=\"text-align:center;margin:0 auto;\"><\/div><\/p><div id=\"videoincontent\" style=\"clear:both\";><\/div>","protected":false},"excerpt":{"rendered":"<p>ROMA (ITALPRESS) &#8211; &#8220;Penso che sia uno scenario molto interessante. Ho chiamato Elly Schlein per farle anche personalmente i miei auguri, ovviamente mi aspetto una opposizione durissima, io ho fatto una opposizione durissima&#8221;. Lo dice la premier Giorgia Meloni a &#8220;Cinque minuti&#8221; di Bruno Vespa. &#8220;Sono pronta al confronto&#8221;, aggiunge. In merito al naufragio a [&hellip;]<\/p>\n","protected":false},"author":18,"featured_media":144066,"comment_status":"closed","ping_status":"closed","sticky":false,"template":"","format":"standard","meta":{"ub_ctt_via":"","_mi_skip_tracking":false},"categories":[446,4],"tags":[783],"featured_image_src":"https:\/\/www.messinaoggi.it\/website\/wp-content\/uploads\/2023\/02\/20230227_2161.jpg","author_info":{"display_name":"Admin","author_link":"https:\/\/www.messinaoggi.it\/website\/author\/admin\/"},"digistream_id":0,"digistream":false,"_links":{"self":[{"href":"https:\/\/www.messinaoggi.it\/website\/wp-json\/wp\/v2\/posts\/144065"}],"collection":[{"href":"https:\/\/www.messinaoggi.it\/website\/wp-json\/wp\/v2\/posts"}],"about":[{"href":"https:\/\/www.messinaoggi.it\/website\/wp-json\/wp\/v2\/types\/post"}],"author":[{"embeddable":true,"href":"https:\/\/www.messinaoggi.it\/website\/wp-json\/wp\/v2\/users\/18"}],"replies":[{"embeddable":true,"href":"https:\/\/www.messinaoggi.it\/website\/wp-json\/wp\/v2\/comments?post=144065"}],"version-history":[{"count":1,"href":"https:\/\/www.messinaoggi.it\/website\/wp-json\/wp\/v2\/posts\/144065\/revisions"}],"predecessor-version":[{"id":144089,"href":"https:\/\/www.messinaoggi.it\/website\/wp-json\/wp\/v2\/posts\/144065\/revisions\/144089"}],"wp:featuredmedia":[{"embeddable":true,"href":"https:\/\/www.messinaoggi.it\/website\/wp-json\/wp\/v2\/media\/144066"}],"wp:attachment":[{"href":"https:\/\/www.messinaoggi.it\/website\/wp-json\/wp\/v2\/media?parent=144065"}],"wp:term":[{"taxonomy":"category","embeddable":true,"href":"https:\/\/www.messinaoggi.it\/website\/wp-json\/wp\/v2\/categories?post=144065"},{"taxonomy":"post_tag","embeddable":true,"href":"https:\/\/www.messinaoggi.it\/website\/wp-json\/wp\/v2\/tags?post=144065"}],"curies":[{"name":"wp","href":"https:\/\/api.w.org\/{rel}","templated":true}]}}