{"id":144036,"date":"2023-02-27T19:32:52","date_gmt":"2023-02-27T18:32:52","guid":{"rendered":"https:\/\/www.messinaoggi.it\/website\/2023\/02\/27\/amministrative-catania-fdi-traina-il-centrodestra-con-razza-bianco-in-testa\/"},"modified":"2023-02-27T19:32:52","modified_gmt":"2023-02-27T18:32:52","slug":"amministrative-catania-fdi-traina-il-centrodestra-con-razza-bianco-in-testa","status":"publish","type":"post","link":"https:\/\/www.messinaoggi.it\/website\/2023\/02\/27\/amministrative-catania-fdi-traina-il-centrodestra-con-razza-bianco-in-testa\/","title":{"rendered":"Amministrative Catania, Fdi traina il centrodestra con Razza, Bianco in testa"},"content":{"rendered":"<div>\n<p>CATANIA (ITALPRESS) \u2013 E\u2019 ancora molto fluido, secondo i risultati del sondaggio di Keix \u201cData for Knowledge\u201d per ilSicilia.it, lo scenario della competizione elettorale per le amministrative di Catania.<br \/>Il dato sui partiti, ricalca nella forma e nella sostanza quanto emerso dalle ultime regionali. Il Centrodestra esprime poco meno del 55% dell\u2019intenzione di voto, Il Centro, con Sud chiama Nord e Azione IV, esprimono circa il 17% mentre, il Centrosinistra, in un\u2019ipotetica coalizione con il M5S poco meno del 37%. Questo scenario cambier\u00e0 in modo significativo dal momento in cui saranno presentate le liste, ed i relativi candidati al consiglio comunale.<br \/>I temi della campagna elettorale sono diversi, la citt\u00e0 necessita di interventi di rilancio. L\u2019occupazione \u00e8 il tema centrale per la citt\u00e0. Si tratta di un argomento assai complesso ed articolato che necessita di essere affrontato dal nuovo sindaco con una visione ampia ed una concertazione con soggetti politici di diverso livello, imprese e parti sociali.<br \/>La citt\u00e0 in generale, sulla base di quanto emerso, va riorganizzata e rilanciata, non soltanto nella macchina amministrativo burocratica, ma nella sua globalit\u00e0 e secondo una visione ben chiara e definita che permetta di viverla con maggiore partecipazione e fiducia nel futuro.<br \/>I nomi dei possibili candidati sono molti ma, \u00e8 normale in questa fase che siano diverse le ipotesi di candidatura. Buono nel complesso il livello di notoriet\u00e0 dei candidati ed il livello di fiducia, che si mantengono all\u2019interno di un range normale, trovandoci in una fase che possiamo definire di pre campagna elettorale. Spicca tra tutti Enzo Bianco con un indice di fiducia al 35,3% e di notoriet\u00e0 al 65,6%, segue Ruggero Razza con un indice di fiducia al 28,7% e di notoriet\u00e0 al 40,2%, e poi si piazza Giancarlo Cancelleri con un indice di fiducia al 26,9% e di notoriet\u00e0 al 38,2%, e Valeria Sudano con un indice di fiducia al 24,3% e di notoriet\u00e0 al 26,3%.<br \/>foto sondaggio di Keix \u201cData for Knowledge\u201d per ilSicilia.it<br \/>(ITALPRESS).<div id=\"div-gpt-ad-Messinaoggi.it-DSK-300x250-corpoart\" style=\"text-align:center;margin:0 auto;\"><\/div><\/p>\n<\/div>\n<div id=\"videoincontent\" style=\"clear:both\";><\/div>","protected":false},"excerpt":{"rendered":"<p>CATANIA (ITALPRESS) \u2013 E\u2019 ancora molto fluido, secondo i risultati del sondaggio di Keix \u201cData for Knowledge\u201d per ilSicilia.it, lo scenario della competizione elettorale per le amministrative di Catania.Il dato sui partiti, ricalca nella forma e nella sostanza quanto emerso dalle ultime regionali. Il Centrodestra esprime poco meno del 55% dell\u2019intenzione di voto, Il Centro, [&hellip;]<\/p>\n","protected":false},"author":18,"featured_media":144037,"comment_status":"closed","ping_status":"closed","sticky":false,"template":"","format":"standard","meta":{"ub_ctt_via":"","_mi_skip_tracking":false},"categories":[2449],"tags":[783],"featured_image_src":"https:\/\/www.messinaoggi.it\/website\/wp-content\/uploads\/2023\/02\/20230227_1854.jpg","author_info":{"display_name":"Admin","author_link":"https:\/\/www.messinaoggi.it\/website\/author\/admin\/"},"digistream_id":0,"digistream":false,"_links":{"self":[{"href":"https:\/\/www.messinaoggi.it\/website\/wp-json\/wp\/v2\/posts\/144036"}],"collection":[{"href":"https:\/\/www.messinaoggi.it\/website\/wp-json\/wp\/v2\/posts"}],"about":[{"href":"https:\/\/www.messinaoggi.it\/website\/wp-json\/wp\/v2\/types\/post"}],"author":[{"embeddable":true,"href":"https:\/\/www.messinaoggi.it\/website\/wp-json\/wp\/v2\/users\/18"}],"replies":[{"embeddable":true,"href":"https:\/\/www.messinaoggi.it\/website\/wp-json\/wp\/v2\/comments?post=144036"}],"version-history":[{"count":0,"href":"https:\/\/www.messinaoggi.it\/website\/wp-json\/wp\/v2\/posts\/144036\/revisions"}],"wp:featuredmedia":[{"embeddable":true,"href":"https:\/\/www.messinaoggi.it\/website\/wp-json\/wp\/v2\/media\/144037"}],"wp:attachment":[{"href":"https:\/\/www.messinaoggi.it\/website\/wp-json\/wp\/v2\/media?parent=144036"}],"wp:term":[{"taxonomy":"category","embeddable":true,"href":"https:\/\/www.messinaoggi.it\/website\/wp-json\/wp\/v2\/categories?post=144036"},{"taxonomy":"post_tag","embeddable":true,"href":"https:\/\/www.messinaoggi.it\/website\/wp-json\/wp\/v2\/tags?post=144036"}],"curies":[{"name":"wp","href":"https:\/\/api.w.org\/{rel}","templated":true}]}}