{"id":14401,"date":"2018-01-17T08:48:07","date_gmt":"2018-01-17T07:48:07","guid":{"rendered":"http:\/\/www.messinaoggi.it\/website\/?p=14401"},"modified":"2018-01-17T08:48:07","modified_gmt":"2018-01-17T07:48:07","slug":"basket-champions-league-capo-dorlando-travolta-in-casa-da-tenerife","status":"publish","type":"post","link":"https:\/\/www.messinaoggi.it\/website\/2018\/01\/17\/basket-champions-league-capo-dorlando-travolta-in-casa-da-tenerife\/","title":{"rendered":"Basket Champions League, Capo d&#039;Orlando travolta in casa da Tenerife"},"content":{"rendered":"<p>Capo d&#8217;Orlando crolla in casa contro Tenerife (59-106) nella gara valida per l&#8217;undicesima giornata della fase a gironi di Champions League.<br \/>\nGli spagnoli, campioni in carica e capolisti nel Gruppo B, allungano gi\u00e0 nel primo quarto (21-9) per poi non guardarsi pi\u00f9 indietro. I siciliani, al terzo stop di fila, restano cos\u00ec fermi a 4 punti in classifica.<div id=\"div-gpt-ad-Messinaoggi.it-DSK-300x250-corpoart\" style=\"text-align:center;margin:0 auto;\"><\/div><\/p>\n<div id=\"videoincontent\" style=\"clear:both\";><\/div>","protected":false},"excerpt":{"rendered":"<p>Capo d&#8217;Orlando crolla in casa contro Tenerife (59-106) nella gara valida per l&#8217;undicesima giornata della fase a gironi di Champions League. Gli spagnoli, campioni in carica e capolisti nel Gruppo B, allungano gi\u00e0 nel primo quarto (21-9) per poi non guardarsi pi\u00f9 indietro. I siciliani, al terzo stop di fila, restano cos\u00ec fermi a 4 [&hellip;]<\/p>\n","protected":false},"author":2,"featured_media":12722,"comment_status":"closed","ping_status":"open","sticky":false,"template":"","format":"standard","meta":{"ub_ctt_via":"","_mi_skip_tracking":false},"categories":[8,9],"tags":[],"featured_image_src":"https:\/\/www.messinaoggi.it\/website\/wp-content\/uploads\/2017\/12\/di-carlo-betaland-capo-dorlando.jpg","author_info":{"display_name":"Redazione","author_link":"https:\/\/www.messinaoggi.it\/website\/author\/redazione\/"},"digistream_id":0,"digistream":false,"_links":{"self":[{"href":"https:\/\/www.messinaoggi.it\/website\/wp-json\/wp\/v2\/posts\/14401"}],"collection":[{"href":"https:\/\/www.messinaoggi.it\/website\/wp-json\/wp\/v2\/posts"}],"about":[{"href":"https:\/\/www.messinaoggi.it\/website\/wp-json\/wp\/v2\/types\/post"}],"author":[{"embeddable":true,"href":"https:\/\/www.messinaoggi.it\/website\/wp-json\/wp\/v2\/users\/2"}],"replies":[{"embeddable":true,"href":"https:\/\/www.messinaoggi.it\/website\/wp-json\/wp\/v2\/comments?post=14401"}],"version-history":[{"count":0,"href":"https:\/\/www.messinaoggi.it\/website\/wp-json\/wp\/v2\/posts\/14401\/revisions"}],"wp:featuredmedia":[{"embeddable":true,"href":"https:\/\/www.messinaoggi.it\/website\/wp-json\/wp\/v2\/media\/12722"}],"wp:attachment":[{"href":"https:\/\/www.messinaoggi.it\/website\/wp-json\/wp\/v2\/media?parent=14401"}],"wp:term":[{"taxonomy":"category","embeddable":true,"href":"https:\/\/www.messinaoggi.it\/website\/wp-json\/wp\/v2\/categories?post=14401"},{"taxonomy":"post_tag","embeddable":true,"href":"https:\/\/www.messinaoggi.it\/website\/wp-json\/wp\/v2\/tags?post=14401"}],"curies":[{"name":"wp","href":"https:\/\/api.w.org\/{rel}","templated":true}]}}