{"id":143923,"date":"2023-02-27T11:05:10","date_gmt":"2023-02-27T10:05:10","guid":{"rendered":"http:\/\/www.messinaoggi.it\/website\/?p=143923"},"modified":"2023-02-27T17:17:58","modified_gmt":"2023-02-27T16:17:58","slug":"auto-finisce-in-un-dirupo-morto-il-conducente","status":"publish","type":"post","link":"https:\/\/www.messinaoggi.it\/website\/2023\/02\/27\/auto-finisce-in-un-dirupo-morto-il-conducente\/","title":{"rendered":"Auto finisce in un dirupo: morto il conducente"},"content":{"rendered":"\n<p>Giallo in provincia di Messina. Questa mattina \u00e8 stato trovato in un burrone della strada provinciale 157, tra Longi e Frazzan\u00f2, una Jeep con dentro un uomo.<div id=\"div-gpt-ad-Messinaoggi.it-DSK-300x250-corpoart\" style=\"text-align:center;margin:0 auto;\"><\/div><\/p>\n\n\n\n<p>Sabato scorso era stata denunciata la scomparsa dell&#8217;uomo in questione (A.A. le sue iniziali). Le ricostruzioni di quanto accaduto sono ancora in corso, ma al momento l&#8217;ipotesi pi\u00f9 accreditata \u00e8 che l&#8217;uomo, mentre era alla guida della sua auto, sia sbandato finendo nel dirupo. Resta da capire, per\u00f2, se si tratti di un incidente autonomo o se lo sbandamento sia stato causato da qualcuno.<div id=\"videoincontent\" style=\"clear:both\";><\/div><\/p>\n\n\n\n<p>Sul posto carabinieri e vigili del fuoco per le operazioni di recupero.<\/p>\n","protected":false},"excerpt":{"rendered":"<p>Giallo in provincia di Messina. Questa mattina \u00e8 stato trovato in un burrone della strada provinciale 157, tra Longi e Frazzan\u00f2, una Jeep con dentro un uomo. Sabato scorso era stata denunciata la scomparsa dell&#8217;uomo in questione (A.A. le sue iniziali). Le ricostruzioni di quanto accaduto sono ancora in corso, ma al momento l&#8217;ipotesi pi\u00f9 [&hellip;]<\/p>\n","protected":false},"author":8,"featured_media":140965,"comment_status":"open","ping_status":"open","sticky":false,"template":"","format":"standard","meta":{"ub_ctt_via":"","_mi_skip_tracking":false},"categories":[1],"tags":[6849,74,602],"featured_image_src":"https:\/\/www.messinaoggi.it\/website\/wp-content\/uploads\/2023\/02\/carabinieri-ufficiostampa1.jpg","author_info":{"display_name":"red..me","author_link":"https:\/\/www.messinaoggi.it\/website\/author\/redstage\/"},"digistream_id":0,"digistream":false,"_links":{"self":[{"href":"https:\/\/www.messinaoggi.it\/website\/wp-json\/wp\/v2\/posts\/143923"}],"collection":[{"href":"https:\/\/www.messinaoggi.it\/website\/wp-json\/wp\/v2\/posts"}],"about":[{"href":"https:\/\/www.messinaoggi.it\/website\/wp-json\/wp\/v2\/types\/post"}],"author":[{"embeddable":true,"href":"https:\/\/www.messinaoggi.it\/website\/wp-json\/wp\/v2\/users\/8"}],"replies":[{"embeddable":true,"href":"https:\/\/www.messinaoggi.it\/website\/wp-json\/wp\/v2\/comments?post=143923"}],"version-history":[{"count":1,"href":"https:\/\/www.messinaoggi.it\/website\/wp-json\/wp\/v2\/posts\/143923\/revisions"}],"predecessor-version":[{"id":143924,"href":"https:\/\/www.messinaoggi.it\/website\/wp-json\/wp\/v2\/posts\/143923\/revisions\/143924"}],"wp:featuredmedia":[{"embeddable":true,"href":"https:\/\/www.messinaoggi.it\/website\/wp-json\/wp\/v2\/media\/140965"}],"wp:attachment":[{"href":"https:\/\/www.messinaoggi.it\/website\/wp-json\/wp\/v2\/media?parent=143923"}],"wp:term":[{"taxonomy":"category","embeddable":true,"href":"https:\/\/www.messinaoggi.it\/website\/wp-json\/wp\/v2\/categories?post=143923"},{"taxonomy":"post_tag","embeddable":true,"href":"https:\/\/www.messinaoggi.it\/website\/wp-json\/wp\/v2\/tags?post=143923"}],"curies":[{"name":"wp","href":"https:\/\/api.w.org\/{rel}","templated":true}]}}