{"id":14378,"date":"2018-01-16T13:48:52","date_gmt":"2018-01-16T12:48:52","guid":{"rendered":"http:\/\/www.messinaoggi.it\/website\/?p=14378"},"modified":"2018-01-16T13:48:52","modified_gmt":"2018-01-16T12:48:52","slug":"palazzo-scardino-rella-la-soprintendenza-metta-il-vincolo","status":"publish","type":"post","link":"https:\/\/www.messinaoggi.it\/website\/2018\/01\/16\/palazzo-scardino-rella-la-soprintendenza-metta-il-vincolo\/","title":{"rendered":"Palazzo Scardino, Rella: &quot;La Soprintendenza metta il vincolo&quot;"},"content":{"rendered":"<p style=\"text-align: justify\">Una raccolta firme per spronare la soprintendenza affinch\u00e9 apponga il vincolo su Palazzo Scardino. A proporla \u00e8 il presidente della commissione Urbanistica, Maurizio Rella che torna anche a discutere della spinosa vicenda del palazzo del \u2018700 di largo Avignone.<div id=\"div-gpt-ad-Messinaoggi.it-DSK-300x250-corpoart\" style=\"text-align:center;margin:0 auto;\"><\/div><\/p>\n<p style=\"text-align: justify\">L\u2019esponente Cambiamo Messina dal Basso lancia delle pesanti stoccate all\u2019indirizzo della Soprintendenza<em>: \u201cLa politica ha pensato bene di perdere di vista i beni storici che rappresentano i palazzi antichi della nostra citt\u00e0, a fare il resto ci ha pensato la speculazione edilizia. Dagli anni \u201960 in poi la nostra memoria storica \u00e8 stata fatta a brandelli. Il caso di palazzo Avignone \u00e8 gravissimo, non si pu\u00f2 apporre il vincolo ha fatto gi\u00e0 avvenuto. Questi palazzi vengono abbandonati per poi essere demoliti e sostituiti da strutture di nuova realizzazione\u201d<\/em>.<div id=\"videoincontent\" style=\"clear:both\";><\/div><\/p>\n<p style=\"text-align: justify\">Un destino che per Rella non deve toccare anche a palazzo Scardino, in via Don Blasco: \u201c<em>Quel palazzo \u00e8 un piccolo brandello di storia della nostra citt\u00e0, pare che sia sorto su un antico bastione. Insieme ai Verdi, tre anni fa, denunciammo la caduta di alcuni pezzi di quel palazzo, tanto che venne chiusa la via Don Blasco. Il palazzo dev\u2019essere incolato, come associazione Messina Bene Comune abbiamo lanciato una campagna per la raccolta delle firme affinch\u00e8 la Soprintendenza apponga il vincolo\u201d.<\/em><\/p>\n","protected":false},"excerpt":{"rendered":"<p>Una raccolta firme per spronare la soprintendenza affinch\u00e9 apponga il vincolo su Palazzo Scardino. A proporla \u00e8 il presidente della commissione Urbanistica, Maurizio Rella che torna anche a discutere della spinosa vicenda del palazzo del \u2018700 di largo Avignone. L\u2019esponente Cambiamo Messina dal Basso lancia delle pesanti stoccate all\u2019indirizzo della Soprintendenza: \u201cLa politica ha pensato [&hellip;]<\/p>\n","protected":false},"author":1,"featured_media":1602,"comment_status":"closed","ping_status":"open","sticky":false,"template":"","format":"standard","meta":{"ub_ctt_via":"","_mi_skip_tracking":false},"categories":[4],"tags":[],"featured_image_src":"https:\/\/www.messinaoggi.it\/website\/wp-content\/uploads\/2017\/06\/Rella-Maurizio-2.jpg","author_info":{"display_name":"admin@admin.com","author_link":"https:\/\/www.messinaoggi.it\/website\/author\/adminadmin-com\/"},"digistream_id":0,"digistream":false,"_links":{"self":[{"href":"https:\/\/www.messinaoggi.it\/website\/wp-json\/wp\/v2\/posts\/14378"}],"collection":[{"href":"https:\/\/www.messinaoggi.it\/website\/wp-json\/wp\/v2\/posts"}],"about":[{"href":"https:\/\/www.messinaoggi.it\/website\/wp-json\/wp\/v2\/types\/post"}],"author":[{"embeddable":true,"href":"https:\/\/www.messinaoggi.it\/website\/wp-json\/wp\/v2\/users\/1"}],"replies":[{"embeddable":true,"href":"https:\/\/www.messinaoggi.it\/website\/wp-json\/wp\/v2\/comments?post=14378"}],"version-history":[{"count":0,"href":"https:\/\/www.messinaoggi.it\/website\/wp-json\/wp\/v2\/posts\/14378\/revisions"}],"wp:featuredmedia":[{"embeddable":true,"href":"https:\/\/www.messinaoggi.it\/website\/wp-json\/wp\/v2\/media\/1602"}],"wp:attachment":[{"href":"https:\/\/www.messinaoggi.it\/website\/wp-json\/wp\/v2\/media?parent=14378"}],"wp:term":[{"taxonomy":"category","embeddable":true,"href":"https:\/\/www.messinaoggi.it\/website\/wp-json\/wp\/v2\/categories?post=14378"},{"taxonomy":"post_tag","embeddable":true,"href":"https:\/\/www.messinaoggi.it\/website\/wp-json\/wp\/v2\/tags?post=14378"}],"curies":[{"name":"wp","href":"https:\/\/api.w.org\/{rel}","templated":true}]}}