{"id":14376,"date":"2018-01-16T13:17:34","date_gmt":"2018-01-16T12:17:34","guid":{"rendered":"http:\/\/www.messinaoggi.it\/website\/?p=14376"},"modified":"2018-01-16T13:17:34","modified_gmt":"2018-01-16T12:17:34","slug":"pascoli-crispi-cantali-la-commissione-sanita-non-stia-a-guardare","status":"publish","type":"post","link":"https:\/\/www.messinaoggi.it\/website\/2018\/01\/16\/pascoli-crispi-cantali-la-commissione-sanita-non-stia-a-guardare\/","title":{"rendered":"Pascoli-Crispi, Cantali: &quot;La commissione sanit\u00e0 non stia a guardare&quot;"},"content":{"rendered":"<p style=\"text-align: justify\">La riapertura della Pascoli-Crispi sembra ancora lontana, oggi ci sar\u00e0 il sopralluogo per capire se sar\u00e0 necessario procedere con una ritinteggiatura del primo piano, ma il ritorno tra i banchi per gli alunni , comunque, \u00e8 tutt\u2019altro che imminente.<div id=\"div-gpt-ad-Messinaoggi.it-DSK-300x250-corpoart\" style=\"text-align:center;margin:0 auto;\"><\/div><\/p>\n<p style=\"text-align: justify\">Alla politica, intanto, spetta il compito di interrogarsi sui motivi di un caso paradossale, sulle cause che hanno portato alla chiusura, quasi continuativa, del plesso a partire dallo scorso 5 dicembre. Con le vacanze di Natale nel mezzo, c\u2019era tutto il tempo per poter eseguire tutti gli interventi a dovere e togliere definitivamente le scorie lasciate dall\u2019incendio della fotocopiatrice che ha causato tutto questo caos.<div id=\"videoincontent\" style=\"clear:both\";><\/div><\/p>\n<p style=\"text-align: justify\">L\u2019argomento \u00e8 approdato questa mattina tra i banchi della commissione consiliare scuole presieduta da Nora Scuderi, ma venerd\u00ec ci sar\u00e0 una riunione congiunta tra la commissione edilizia e quella al patrimonio. La speranza \u00e8 che entro quella data, si possano avere ulteriori certezze.<\/p>\n<p style=\"text-align: justify\">Sulla questione \u00e8 intervenuto il presidente della commissione consiliare Lavori Pubblici, Carlo Cantali: \u201cIo<em> chiedo che la vicenda venga discussa anche all\u2019interno della commissione Sanit\u00e0, presieduta dalla collega Cecilia Caccamo. Io avevo chiesto che le commissioni intervenissero in maniera decisa, ricordiamo che oggi gli alunni e i genitori tanno vivendo grossi disagi, i bambini fanno lezione alla Boer negli orari pomeridiani\u201d.<\/em><\/p>\n<p style=\"text-align: justify\">Cantali chiede dunque un intervento deciso della politica, soprattutto per dare risposte ai genitori che sanno vivendo i maggiori disagi: \u201c<em>La commissione Sanit\u00e0 non pu\u00f2 fare orecchio da mercante solo perch\u00e9 \u00e8 presieduta da un\u2019esponente vicina a questa amministrazione che ha delle enormi responsabilit\u00e0 nella gestione dell\u2019intera vicenda\u201d.<\/em><\/p>\n","protected":false},"excerpt":{"rendered":"<p>La riapertura della Pascoli-Crispi sembra ancora lontana, oggi ci sar\u00e0 il sopralluogo per capire se sar\u00e0 necessario procedere con una ritinteggiatura del primo piano, ma il ritorno tra i banchi per gli alunni , comunque, \u00e8 tutt\u2019altro che imminente. Alla politica, intanto, spetta il compito di interrogarsi sui motivi di un caso paradossale, sulle cause [&hellip;]<\/p>\n","protected":false},"author":1,"featured_media":1635,"comment_status":"closed","ping_status":"open","sticky":false,"template":"","format":"standard","meta":{"ub_ctt_via":"","_mi_skip_tracking":false},"categories":[4],"tags":[],"featured_image_src":"https:\/\/www.messinaoggi.it\/website\/wp-content\/uploads\/2017\/06\/Cantali-Carlo-2.jpg","author_info":{"display_name":"admin@admin.com","author_link":"https:\/\/www.messinaoggi.it\/website\/author\/adminadmin-com\/"},"digistream_id":0,"digistream":false,"_links":{"self":[{"href":"https:\/\/www.messinaoggi.it\/website\/wp-json\/wp\/v2\/posts\/14376"}],"collection":[{"href":"https:\/\/www.messinaoggi.it\/website\/wp-json\/wp\/v2\/posts"}],"about":[{"href":"https:\/\/www.messinaoggi.it\/website\/wp-json\/wp\/v2\/types\/post"}],"author":[{"embeddable":true,"href":"https:\/\/www.messinaoggi.it\/website\/wp-json\/wp\/v2\/users\/1"}],"replies":[{"embeddable":true,"href":"https:\/\/www.messinaoggi.it\/website\/wp-json\/wp\/v2\/comments?post=14376"}],"version-history":[{"count":0,"href":"https:\/\/www.messinaoggi.it\/website\/wp-json\/wp\/v2\/posts\/14376\/revisions"}],"wp:featuredmedia":[{"embeddable":true,"href":"https:\/\/www.messinaoggi.it\/website\/wp-json\/wp\/v2\/media\/1635"}],"wp:attachment":[{"href":"https:\/\/www.messinaoggi.it\/website\/wp-json\/wp\/v2\/media?parent=14376"}],"wp:term":[{"taxonomy":"category","embeddable":true,"href":"https:\/\/www.messinaoggi.it\/website\/wp-json\/wp\/v2\/categories?post=14376"},{"taxonomy":"post_tag","embeddable":true,"href":"https:\/\/www.messinaoggi.it\/website\/wp-json\/wp\/v2\/tags?post=14376"}],"curies":[{"name":"wp","href":"https:\/\/api.w.org\/{rel}","templated":true}]}}