{"id":143742,"date":"2023-02-25T16:32:53","date_gmt":"2023-02-25T15:32:53","guid":{"rendered":"https:\/\/www.messinaoggi.it\/website\/2023\/02\/25\/in-un-libro-parole-e-foto-sullimpegno-di-biagio-conte-per-gli-ultimi\/"},"modified":"2023-02-25T16:32:53","modified_gmt":"2023-02-25T15:32:53","slug":"in-un-libro-parole-e-foto-sullimpegno-di-biagio-conte-per-gli-ultimi","status":"publish","type":"post","link":"https:\/\/www.messinaoggi.it\/website\/2023\/02\/25\/in-un-libro-parole-e-foto-sullimpegno-di-biagio-conte-per-gli-ultimi\/","title":{"rendered":"In un libro parole e foto sull\u2019impegno di Biagio Conte per gli ultimi"},"content":{"rendered":"<div>\n<p>PALERMO (ITALPRESS) \u2013 Un racconto per immagini e ricostruzioni giornalistiche non solo per commemorare, ma anche per sottolineare ancora una volta cosa sia stato Biagio Conte per Palermo e cosa Palermo sia stata per lui. Sar\u00e0 disponibile marted\u00ec 28 febbraio con La Repubblica, gratuitamente, il libro \u201cL\u2019angelo degli ultimi\u201d, che in 143 pagine propone frammenti di vita del missionario laico scomparso il 12 gennaio a 59 anni. A realizzare gli scatti i fotografi Igor Petyx e Mike Palazzotto.<br \/>L\u2019opera \u00e8 stata presentata alla Missione Speranza e Carit\u00e0 di via Decollati, fortemente voluta da fratel Biagio per aiutare quelle persone, palermitane e non, che necessitavano di un punto di riferimento spirituale ancor prima che economico. Presenti il presidente della Regione Siciliana Renato Schifani, il sindaco Roberto Lagalla, l\u2019arcivescovo Corrado Lorefice e il prefetto Maria Teresa Cucinotta, oltre alla redazione palermitana de La Repubblica.<br \/>Accanto alle fotografie gli articoli che accompagnano la vita di Biagio Conte e l\u2019esperienza della Missione, seguendo uno schema a ritroso che va dagli ultimi momenti della vita del missionario, raccolti negli articoli di Claudia Brunetto, alle prime esperienze in mezzo ai bisognosi intervistando non solo lui, ma anche quanti gli sono stati vicino. \u201cBiagio Conte \u00e8 la speranza di Palermo per un futuro migliore, nonostante le sofferenze che ci circondano \u2013 sottolinea Brunetto, \u2013 Come lui ha saputo dare un\u2019altra possibilit\u00e0 anche questa citt\u00e0 la merita. Ricordarlo significa volerne il riscatto\u201d.<br \/>I lavori sono stati presieduti dal caporedattore di Repubblica Palermo Marco Patucchi, che per l\u2019occasione ha organizzato una riunione di redazione all\u2019interno della missione per fare sentire la vicinanza del giornale a una realt\u00e0 che ha da poco perso il suo massimo riferimento. \u201cFratel Biagio non se ne andr\u00e0 mai: abbiamo fortemente voluto questo libro e voluto presentarlo insieme a tutte le anime istituzionali di questa citt\u00e0 proprio per far capire che la Missione deve andare avanti e che tutti gli attori di Palermo sono pronti a darle una mano\u201d, sottolinea Patucchi.<br \/>Schifani \u00e8 una di quelle figure che con il missionario ha consolidato un legame sempre pi\u00f9 stretto nel corso degli anni, perdurato fino a quel drammatico 12 gennaio: \u201cTra noi c\u2019era un rapporto di fortissima umanit\u00e0, nelle sue ultime parole mi ha raccomandato i poveri \u2013 racconta il governatore ed ex presidente del Senato -. Questo libro ci aiuter\u00e0 a tenerlo vivo nelle coscienze, ma anche nella realt\u00e0 sociale. Il mio governo guarda moltissimo al disagio della cittadinanza, come attestano i dieci milioni stanziati per enti di beneficenza e realt\u00e0 come la Missione\u201d.<br \/>Schifani annuncia poi l\u2019intenzione di intitolare una fondazione a Biagio Conte: \u201cCredo che dedicare a lui una realt\u00e0 in grado di occuparsi non solo di sociale, ma anche di cultura e giornalismo, sia doveroso per fare in modo che il nome di Biagio possa essere veicolato in tutta l\u2019opinione pubblica e che sia non pi\u00f9 ancorato alla realt\u00e0 siciliana ma stabilizzato nel dibattito culturale alto\u201d. <br \/>Anche Lagalla evidenzia il legame con il missionario, diventato ancora pi\u00f9 forte negli ultimi mesi: \u201cQuando \u00e8 stato male io sono andato a trovarlo da medico ancor prima che da sindaco ed \u00e8 stato bellissimo pregare insieme per il futuro della citt\u00e0 \u2013 spiega -, Palermo vive da sempre di stereotipi e diffidenze, realt\u00e0 come la Missione si sono fatte precursori per sconfiggere ci\u00f2 che per tanto tempo ci ha spaventato. Il Comune, nonostante i problemi ormai noti, non smetter\u00e0 mai di sostenere gli ultimi: \u00e8 fondamentale creare un circuito con le altre istituzioni, senza alcuna retorica ma con programmi concreti\u201d.<br \/>Il percorso intrapreso del 1990 ha reso Biagio, secondo Cucinotta che proprio in quel periodo l\u2019ha conosciuto, \u201cun santo in mezzo alle persone: in pochissimi farebbero le rinunce che ha fatto lui. Quando ci siamo conosciuti ci ho messo un p\u00f2 per capire la sua figura, ma mi colp\u00ec l\u2019insistenza con cui volle superare i problemi burocratici per dare vita alla Missione. In una realt\u00e0 difficile ha anticipato quella coscienza civile che, in seguito alle stragi di Capaci e via d\u2019Amelio, si sono risvegliate anche nella cittadinanza\u201d. \u2018L\u2019angelo degli ultim\u00ec costituisce dunque un monito, spiega il prefetto, \u201ca non sprecare il suo sacrificio: questa citt\u00e0 ha vinto grandi battaglie, e l\u2019arresto di Messina Denaro lo ha dimostrato, ma non ancora la guerra. Solo con l\u2019ascolto e la distribuzione di cultura e consapevolezza terremo alta l\u2019attenzione sul territorio\u201d. <br \/>Per Lorefice il momento di incontro tra Biagio Conte e Papa Francesco vale pi\u00f9 di mille commemorazioni: \u201cQuando il Papa \u00e8 venuto a Palermo non ha frequentato i palazzi della politica ma questo palazzo (la Missione, ndr), dove Biagio ci indica la strada verso cui guardare: il basso, i poveri, le vittime della storia\u201d.<div id=\"div-gpt-ad-Messinaoggi.it-DSK-300x250-corpoart\" style=\"text-align:center;margin:0 auto;\"><\/div><\/p>\n<p>\u2013 foto xd8\/Italpress \u2013<div id=\"videoincontent\" style=\"clear:both\";><\/div><\/p>\n<p>(ITALPRESS).<\/p>\n<\/div>\n","protected":false},"excerpt":{"rendered":"<p>PALERMO (ITALPRESS) \u2013 Un racconto per immagini e ricostruzioni giornalistiche non solo per commemorare, ma anche per sottolineare ancora una volta cosa sia stato Biagio Conte per Palermo e cosa Palermo sia stata per lui. Sar\u00e0 disponibile marted\u00ec 28 febbraio con La Repubblica, gratuitamente, il libro \u201cL\u2019angelo degli ultimi\u201d, che in 143 pagine propone frammenti [&hellip;]<\/p>\n","protected":false},"author":18,"featured_media":143743,"comment_status":"closed","ping_status":"closed","sticky":false,"template":"","format":"standard","meta":{"ub_ctt_via":"","_mi_skip_tracking":false},"categories":[2449],"tags":[783],"featured_image_src":"https:\/\/www.messinaoggi.it\/website\/wp-content\/uploads\/2023\/02\/20230225_1201.jpg","author_info":{"display_name":"Admin","author_link":"https:\/\/www.messinaoggi.it\/website\/author\/admin\/"},"digistream_id":0,"digistream":false,"_links":{"self":[{"href":"https:\/\/www.messinaoggi.it\/website\/wp-json\/wp\/v2\/posts\/143742"}],"collection":[{"href":"https:\/\/www.messinaoggi.it\/website\/wp-json\/wp\/v2\/posts"}],"about":[{"href":"https:\/\/www.messinaoggi.it\/website\/wp-json\/wp\/v2\/types\/post"}],"author":[{"embeddable":true,"href":"https:\/\/www.messinaoggi.it\/website\/wp-json\/wp\/v2\/users\/18"}],"replies":[{"embeddable":true,"href":"https:\/\/www.messinaoggi.it\/website\/wp-json\/wp\/v2\/comments?post=143742"}],"version-history":[{"count":0,"href":"https:\/\/www.messinaoggi.it\/website\/wp-json\/wp\/v2\/posts\/143742\/revisions"}],"wp:featuredmedia":[{"embeddable":true,"href":"https:\/\/www.messinaoggi.it\/website\/wp-json\/wp\/v2\/media\/143743"}],"wp:attachment":[{"href":"https:\/\/www.messinaoggi.it\/website\/wp-json\/wp\/v2\/media?parent=143742"}],"wp:term":[{"taxonomy":"category","embeddable":true,"href":"https:\/\/www.messinaoggi.it\/website\/wp-json\/wp\/v2\/categories?post=143742"},{"taxonomy":"post_tag","embeddable":true,"href":"https:\/\/www.messinaoggi.it\/website\/wp-json\/wp\/v2\/tags?post=143742"}],"curies":[{"name":"wp","href":"https:\/\/api.w.org\/{rel}","templated":true}]}}