{"id":143675,"date":"2023-02-25T15:32:52","date_gmt":"2023-02-25T14:32:52","guid":{"rendered":"https:\/\/www.messinaoggi.it\/website\/2023\/02\/25\/autonomia-schifani-testo-migliorato-trattare-su-insularita-e-finanza\/"},"modified":"2023-02-25T15:32:52","modified_gmt":"2023-02-25T14:32:52","slug":"autonomia-schifani-testo-migliorato-trattare-su-insularita-e-finanza","status":"publish","type":"post","link":"https:\/\/www.messinaoggi.it\/website\/2023\/02\/25\/autonomia-schifani-testo-migliorato-trattare-su-insularita-e-finanza\/","title":{"rendered":"Autonomia, Schifani \u201cTesto migliorato, trattare su insularit\u00e0 e finanza\u201d"},"content":{"rendered":"<div>\n<p>PALERMO (ITALPRESS) \u2013 \u201cIl testo sull\u2019autonomia differenziata \u00e8 notevolmente migliorato rispetto alla prima bozza, dopo che \u00e8 stato dato pi\u00f9 spazio al Parlamento e si \u00e8 cancellato qualsiasi riferimento alla spesa storica. Al ministro Calderoli ho chiesto due cose quando ci siamo incontrati: rispetto della insularit\u00e0, come stabilito nel nuovo testo dell\u2019articolo 119 della Costituzione, e un anno di autonomia finanziaria\u201d. Lo ha detto il presidente della Regione Siciliana Renato Schifani, a margine della presentazione del libro de La Repubblica \u201cL\u2019angelo degli ultimi\u201d, dedicato a Biagio Conte, alla Missione Speranza e Carit\u00e0 di Palermo.<br \/>\u201cApriremo una trattativa con il governo su questi due aspetti, sapendo di trovare validi interlocutori. Noi non faremo barricate, ma vogliamo solo processi di miglioramento e una burocrazia meno lenta nei processi attuativi\u201d, ha aggiunto Schifani, che ha anche parlato del terzo mandato per i sindaci nei Comuni con meno di 15 mila abitanti. \u201cGi\u00e0 nei giorni scorsi avevo scritto al presidente dell\u2019Ars esprimendo parere contrario: ci sono forti dubbi di incostituzionalit\u00e0, ci sono dei precedenti in cui la Corte costituzionale ha impugnato questi provvedimenti \u2013 ha spiegato -. Il compito del mio governo \u00e8 evitare che si possa legiferare in maniera scorretta\u201d.<br \/>\u201cChiediamoci cosa succederebbe se un sindaco venisse eletto con la nuova norma e poi questa venisse dichiarata incostituzionale: vedrebbe in pericolo la legittimit\u00e0 dei propri atti\u201d, ha proseguito Schifani.<br \/>\u201cL\u2019eventuale anticipazione del voto delle comunali al 14 e 15 maggio \u00e8 una valutazione di carattere puramente politico \u2013 ha poi spiegato -, non comporterebbe nessun risparmio a livello finanziario. Con le forze di maggioranza faremo una verifica per capire se \u00e8 una scelta condivisa o meno\u201d.<br \/>A proposito di Amministrative, \u201cin questo periodo sono usciti tanti nomi sul candidato sindaco di Catania, sui quali non mi permetto di fare valutazioni \u2013 ha detto Schifani -: preferisco concentrarmi sull\u2019esigenza di individuare una candidatura inclusiva, che concentra al centrodestra di andare unito fin dal primo turno e di vincere con margine\u201d.<br \/>Il governatore ha poi commentato le parole del presidente del Tar Sicilia Salvatore Veneziano, che ieri aveva auspicato che Palazzo d\u2019Orleans possa imprimere una spinta alle riforme. \u201cL\u2019endorsement del nuovo presidente del Tar mi carica di ulteriore responsabilit\u00e0 \u2013 ha spiegato -. La fiducia sua e dei siciliani mi incoraggia ad andare avanti e non lasciarmi condizionare da esigenze territoriali di piccolo respiro piuttosto che da una politica fatta di riforme migliorative\u201d.<br \/>Poi un riferimento all\u2019autostrada Palermo-Catania: \u201cAlla nota inviata ieri all\u2019Anas ha fatto immediatamente seguito la convocazione di un incontro tra i vertici dell\u2019azienda e un dirigente della Regione per il 9 marzo \u2013 ha spiegato il governatore -. Non faremo sconti a nessuno: la Sicilia non pu\u00f2 e non deve essere considerata avamposto di un territorio non italiano\u201d. \u201cVogliamo capire se ci sono responsabilit\u00e0 all\u2019interno dell\u2019Anas per avere ridotto in questo modo l\u2019autostrada Palermo-Catania e nel caso agire di conseguenza\u201d, ha concluso.<div id=\"div-gpt-ad-Messinaoggi.it-DSK-300x250-corpoart\" style=\"text-align:center;margin:0 auto;\"><\/div><\/p>\n<p>\u2013 foto Agenziafotogramma.it \u2013<div id=\"videoincontent\" style=\"clear:both\";><\/div><\/p>\n<p>(ITALPRESS).<\/p>\n<\/div>\n","protected":false},"excerpt":{"rendered":"<p>PALERMO (ITALPRESS) \u2013 \u201cIl testo sull\u2019autonomia differenziata \u00e8 notevolmente migliorato rispetto alla prima bozza, dopo che \u00e8 stato dato pi\u00f9 spazio al Parlamento e si \u00e8 cancellato qualsiasi riferimento alla spesa storica. Al ministro Calderoli ho chiesto due cose quando ci siamo incontrati: rispetto della insularit\u00e0, come stabilito nel nuovo testo dell\u2019articolo 119 della Costituzione, [&hellip;]<\/p>\n","protected":false},"author":18,"featured_media":143676,"comment_status":"closed","ping_status":"closed","sticky":false,"template":"","format":"standard","meta":{"ub_ctt_via":"","_mi_skip_tracking":false},"categories":[2449],"tags":[783],"featured_image_src":"https:\/\/www.messinaoggi.it\/website\/wp-content\/uploads\/2023\/02\/20230225_1015.jpg","author_info":{"display_name":"Admin","author_link":"https:\/\/www.messinaoggi.it\/website\/author\/admin\/"},"digistream_id":0,"digistream":false,"_links":{"self":[{"href":"https:\/\/www.messinaoggi.it\/website\/wp-json\/wp\/v2\/posts\/143675"}],"collection":[{"href":"https:\/\/www.messinaoggi.it\/website\/wp-json\/wp\/v2\/posts"}],"about":[{"href":"https:\/\/www.messinaoggi.it\/website\/wp-json\/wp\/v2\/types\/post"}],"author":[{"embeddable":true,"href":"https:\/\/www.messinaoggi.it\/website\/wp-json\/wp\/v2\/users\/18"}],"replies":[{"embeddable":true,"href":"https:\/\/www.messinaoggi.it\/website\/wp-json\/wp\/v2\/comments?post=143675"}],"version-history":[{"count":0,"href":"https:\/\/www.messinaoggi.it\/website\/wp-json\/wp\/v2\/posts\/143675\/revisions"}],"wp:featuredmedia":[{"embeddable":true,"href":"https:\/\/www.messinaoggi.it\/website\/wp-json\/wp\/v2\/media\/143676"}],"wp:attachment":[{"href":"https:\/\/www.messinaoggi.it\/website\/wp-json\/wp\/v2\/media?parent=143675"}],"wp:term":[{"taxonomy":"category","embeddable":true,"href":"https:\/\/www.messinaoggi.it\/website\/wp-json\/wp\/v2\/categories?post=143675"},{"taxonomy":"post_tag","embeddable":true,"href":"https:\/\/www.messinaoggi.it\/website\/wp-json\/wp\/v2\/tags?post=143675"}],"curies":[{"name":"wp","href":"https:\/\/api.w.org\/{rel}","templated":true}]}}