{"id":14365,"date":"2018-01-16T09:35:09","date_gmt":"2018-01-16T08:35:09","guid":{"rendered":"http:\/\/www.messinaoggi.it\/website\/?p=14365"},"modified":"2018-01-16T09:35:09","modified_gmt":"2018-01-16T08:35:09","slug":"v-circoscrizione-il-consigliere-bucalo-aderisce-a-forza-italia","status":"publish","type":"post","link":"https:\/\/www.messinaoggi.it\/website\/2018\/01\/16\/v-circoscrizione-il-consigliere-bucalo-aderisce-a-forza-italia\/","title":{"rendered":"V Circoscrizione, il consigliere Bucalo aderisce a Forza Italia"},"content":{"rendered":"<p><strong>Giovanni Bucalo<\/strong>, consigliere della V Circoscrizione, ha comunicato la sua adesione al gruppo di Fi. Il passaggio dal gruppo misto \u00e8 stato formalizzato nei giorni scorsi. Bucalo andr\u00e0 a fare parte del nuovo gruppo dove assumer\u00e0 la carica di capogruppo.<br \/>\n\u201cI<em>l mio passaggio a Forza Italia \u2013 ha detto Bucalo \u2013 \u00e8 stato meditato. Da tempo, infatti, avevo maturato l\u2019idea di aderire ad un partito strutturato dopo le precedenti esperienze. Ringrazio i colleghi del mio nuovo partito che mi hanno accolto con entusiasmo e, in modo particolare, Paolo Barbera. Proseguir\u00e0 il mio impegno per il quartiere di Giostra, che continua ad essere dimenticato dall\u2019amministrazione comunale<\/em>\u201d.<div id=\"div-gpt-ad-Messinaoggi.it-DSK-300x250-corpoart\" style=\"text-align:center;margin:0 auto;\"><\/div><\/p>\n<div id=\"videoincontent\" style=\"clear:both\";><\/div>","protected":false},"excerpt":{"rendered":"<p>Giovanni Bucalo, consigliere della V Circoscrizione, ha comunicato la sua adesione al gruppo di Fi. Il passaggio dal gruppo misto \u00e8 stato formalizzato nei giorni scorsi. Bucalo andr\u00e0 a fare parte del nuovo gruppo dove assumer\u00e0 la carica di capogruppo. \u201cIl mio passaggio a Forza Italia \u2013 ha detto Bucalo \u2013 \u00e8 stato meditato. Da [&hellip;]<\/p>\n","protected":false},"author":2,"featured_media":14366,"comment_status":"closed","ping_status":"open","sticky":false,"template":"","format":"standard","meta":{"ub_ctt_via":"","_mi_skip_tracking":false},"categories":[4],"tags":[],"featured_image_src":"https:\/\/www.messinaoggi.it\/website\/wp-content\/uploads\/2018\/01\/FOTO_PER_ARTICOLO_GIOVANNI-1.jpg","author_info":{"display_name":"Redazione","author_link":"https:\/\/www.messinaoggi.it\/website\/author\/redazione\/"},"digistream_id":0,"digistream":false,"_links":{"self":[{"href":"https:\/\/www.messinaoggi.it\/website\/wp-json\/wp\/v2\/posts\/14365"}],"collection":[{"href":"https:\/\/www.messinaoggi.it\/website\/wp-json\/wp\/v2\/posts"}],"about":[{"href":"https:\/\/www.messinaoggi.it\/website\/wp-json\/wp\/v2\/types\/post"}],"author":[{"embeddable":true,"href":"https:\/\/www.messinaoggi.it\/website\/wp-json\/wp\/v2\/users\/2"}],"replies":[{"embeddable":true,"href":"https:\/\/www.messinaoggi.it\/website\/wp-json\/wp\/v2\/comments?post=14365"}],"version-history":[{"count":0,"href":"https:\/\/www.messinaoggi.it\/website\/wp-json\/wp\/v2\/posts\/14365\/revisions"}],"wp:featuredmedia":[{"embeddable":true,"href":"https:\/\/www.messinaoggi.it\/website\/wp-json\/wp\/v2\/media\/14366"}],"wp:attachment":[{"href":"https:\/\/www.messinaoggi.it\/website\/wp-json\/wp\/v2\/media?parent=14365"}],"wp:term":[{"taxonomy":"category","embeddable":true,"href":"https:\/\/www.messinaoggi.it\/website\/wp-json\/wp\/v2\/categories?post=14365"},{"taxonomy":"post_tag","embeddable":true,"href":"https:\/\/www.messinaoggi.it\/website\/wp-json\/wp\/v2\/tags?post=14365"}],"curies":[{"name":"wp","href":"https:\/\/api.w.org\/{rel}","templated":true}]}}