{"id":143611,"date":"2023-02-25T12:10:37","date_gmt":"2023-02-25T11:10:37","guid":{"rendered":"http:\/\/www.messinaoggi.it\/website\/?p=143611"},"modified":"2023-02-25T12:13:40","modified_gmt":"2023-02-25T11:13:40","slug":"isola-viale-san-martino-i-messinesi-la-vogliono-video","status":"publish","type":"post","link":"https:\/\/www.messinaoggi.it\/website\/2023\/02\/25\/isola-viale-san-martino-i-messinesi-la-vogliono-video\/","title":{"rendered":"Isola Viale San Martino, i messinesi la vogliono (VIDEO)"},"content":{"rendered":"\n<p>Viale San Martino, <a href=\"https:\/\/www.messinaoggi.it\/website\/2023\/02\/22\/isola-pedonale-si-cambia-ancora-tanto-paga-pantalone\/\" data-type=\"URL\" data-id=\"https:\/\/www.messinaoggi.it\/website\/2023\/02\/22\/isola-pedonale-si-cambia-ancora-tanto-paga-pantalone\/\"><strong>l&#8217;amministrazione sembra decisa a ridurre al fine settimana l&#8217;Isola Pedonale di Viale San Martino,<\/strong> <\/a>nel tratto da Via Santa Cecilia a Piazza Cairoli (dalle 20 del Venerd\u00ec alla mezzanotte della Domenica).<div id=\"div-gpt-ad-Messinaoggi.it-DSK-300x250-corpoart\" style=\"text-align:center;margin:0 auto;\"><\/div><\/p>\n\n\n\n<h2>Isola Pedonale di Viale San Martino, i messinesi in gran parte favorevoli.<\/h2>\n\n\n\n<p>Abbiamo intervistato diversi cittadini sul luogo, la maggior parte sono favorevoli al mantenimento dell&#8217;isola senza restrizioni.<div id=\"videoincontent\" style=\"clear:both\";><\/div><\/p>\n\n\n\n<p><strong><a href=\"https:\/\/www.facebook.com\/watch\/?v=715711663677393\" data-type=\"URL\" data-id=\"https:\/\/www.facebook.com\/watch\/?v=715711663677393\">Qui il VIDEO con le interviste.<\/a><\/strong><\/p>\n\n\n\n<p>Tutti chiedono alcuni accorgimenti, ma si dicono favorevoli. Anche quei pochi che hanno dubbi e si dicono contrari lasciano qualche spiraglio. <\/p>\n\n\n\n<p>Il problema principale che emerge \u00e8 quello dell&#8217;assenza di parcheggi. Un cittadino spiega che nelle vie perpendicolari al Viale non \u00e8 pi\u00f9 possibile parcheggiare per via dell&#8217;isola pedonale.<\/p>\n\n\n\n<p>Come detto anche da un commerciante della zona, favorevole, la creazione di questi spazi pedonali deve andare di pari passo all&#8217;educazione del cittadino, che deve abituarsi a non mettere pi\u00f9 la macchina vicino al luogo di destinazione, ma muoversi a piedi, e questo pu\u00f2 avvenire con l&#8217;aiuto dei mezzi pubblici, che funzionano molto bene.<\/p>\n\n\n\n<p>Inoltre sono stati fatti importanti investimenti per il parcheggio del Viale Europa, che sarebbero sprecati senza l&#8217;isola pedonale di Viale San Martino. <\/p>\n\n\n\n<p>Certamente il problema persiste per i residenti, in particolare per le persone anziane, oppure quando si tratta di tornare a casa con pesi, come ad esempio la spesa. Un cittadino chiede un pass per lui e la madre anziana, e in generale per i residenti, in modo da agevolare questi spostamenti.<\/p>\n\n\n\n<h2>Una Via degli artisti, abbellita con istallazioni.<\/h2>\n\n\n\n<p>Il profumiere del Viale che abbiamo intervistato \u00e8 felicissimo dell&#8217;isola, e non concorda con alcuni negozianti, suoi colleghi, che non vogliono l&#8217;isola, &#8220;sono gli stessi &#8211; dice &#8211; che quando vanno in altre citt\u00e0 usufruiscono e godono delle zone pedonali del luogo&#8221; e spiega che non \u00e8 vero che l&#8217;isola fa perdere guadagni.<\/p>\n\n\n\n<p>Chiede per\u00f2 maggiore attenzione da parte dell&#8217;Amministrazione, auspicando che voglia mantenere l&#8217;isola per tutta la settimana, e non buttare via il progetto, creando delle attrazioni, perch\u00e9 &#8220;lasciare tutto in questo modo, senza alcun accorgimento, ha poco senso&#8221;. Le attrazioni darebbero un altro aspetto all&#8217;isola e aumenterebbero sicuramente i guadagni dei commercianti. <\/p>\n\n\n\n<p>Un ragazzo che passeggiava per la strada ci ha detto che si potrebbero mettere delle istallazioni per abbellire il passeggio. Ma un&#8217;idea che ci viene in mente potrebbe essere quella di coinvolgere gli artisti: musicisti, attori, giocolieri. L&#8217;Isola Pedonale di Viale San Martino potrebbe diventare la via dei commerci e degli artisti, come si vede in molte citt\u00e0 del mondo.<\/p>\n\n\n\n<h2>Isola Pedonale di Viale San Martino: i dubbi dei contrari, non \u00e8 un no netto.<\/h2>\n\n\n\n<p>Anche tre ragazzi che non erano molto convinti dell&#8217;Isola com&#8217;\u00e8 organizzata attualmente, hanno lasciato qualche spiraglio a seguito delle nostre domande. Sia una soluzione al problema dei parcheggi, sia un ulteriore potenziamento dei mezzi pubblici, potrebbe portare a un cambiamento di opinione. E soprattutto quest&#8217;ultima parte, a chi scrive sembra abbastanza in linea con la proposta politica dell&#8217;Amministrazione guidata da <strong>Federico Basile. <\/strong><\/p>\n\n\n\n<h2>La Palla al Vicesindaco Mondello e al Sindaco.<\/h2>\n\n\n\n<p>A lui e all&#8217;assessore alla mobilit\u00e0, nonch\u00e9 Vicesindaco, <strong>Salvatore Mondello, <\/strong>passa adesso in mano la palla. Ascolteranno i messinesi e manterranno il progetto originario di isola, con una valutazione e degli interventi con i suggerimenti scaturiti dall&#8217;ascolto dei cittadini, oppure andranno avanti sulla loro strada?<\/p>\n\n\n\n<p><strong>Michele Bruno.<\/strong><\/p>\n","protected":false},"excerpt":{"rendered":"<p>Viale San Martino, l&#8217;amministrazione sembra decisa a ridurre al fine settimana l&#8217;Isola Pedonale di Viale San Martino, nel tratto da Via Santa Cecilia a Piazza Cairoli (dalle 20 del Venerd\u00ec alla mezzanotte della Domenica). Isola Pedonale di Viale San Martino, i messinesi in gran parte favorevoli. Abbiamo intervistato diversi cittadini sul luogo, la maggior parte [&hellip;]<\/p>\n","protected":false},"author":123457,"featured_media":47377,"comment_status":"open","ping_status":"open","sticky":false,"template":"","format":"standard","meta":{"ub_ctt_via":"","_mi_skip_tracking":false},"categories":[19],"tags":[6826,180,6824,6825,3387],"featured_image_src":"https:\/\/www.messinaoggi.it\/website\/wp-content\/uploads\/2020\/09\/2D0C589F-B305-496A-ADA1-BC6668EF3393.jpeg","author_info":{"display_name":"Michele Bruno","author_link":"https:\/\/www.messinaoggi.it\/website\/author\/michele-bruno\/"},"digistream_id":0,"digistream":false,"_links":{"self":[{"href":"https:\/\/www.messinaoggi.it\/website\/wp-json\/wp\/v2\/posts\/143611"}],"collection":[{"href":"https:\/\/www.messinaoggi.it\/website\/wp-json\/wp\/v2\/posts"}],"about":[{"href":"https:\/\/www.messinaoggi.it\/website\/wp-json\/wp\/v2\/types\/post"}],"author":[{"embeddable":true,"href":"https:\/\/www.messinaoggi.it\/website\/wp-json\/wp\/v2\/users\/123457"}],"replies":[{"embeddable":true,"href":"https:\/\/www.messinaoggi.it\/website\/wp-json\/wp\/v2\/comments?post=143611"}],"version-history":[{"count":5,"href":"https:\/\/www.messinaoggi.it\/website\/wp-json\/wp\/v2\/posts\/143611\/revisions"}],"predecessor-version":[{"id":143618,"href":"https:\/\/www.messinaoggi.it\/website\/wp-json\/wp\/v2\/posts\/143611\/revisions\/143618"}],"wp:featuredmedia":[{"embeddable":true,"href":"https:\/\/www.messinaoggi.it\/website\/wp-json\/wp\/v2\/media\/47377"}],"wp:attachment":[{"href":"https:\/\/www.messinaoggi.it\/website\/wp-json\/wp\/v2\/media?parent=143611"}],"wp:term":[{"taxonomy":"category","embeddable":true,"href":"https:\/\/www.messinaoggi.it\/website\/wp-json\/wp\/v2\/categories?post=143611"},{"taxonomy":"post_tag","embeddable":true,"href":"https:\/\/www.messinaoggi.it\/website\/wp-json\/wp\/v2\/tags?post=143611"}],"curies":[{"name":"wp","href":"https:\/\/api.w.org\/{rel}","templated":true}]}}