{"id":143609,"date":"2023-02-25T10:07:52","date_gmt":"2023-02-25T09:07:52","guid":{"rendered":"https:\/\/www.messinaoggi.it\/website\/2023\/02\/25\/g20-giorgetti-no-passi-indietro-rispetto-a-bali\/"},"modified":"2023-02-25T10:07:52","modified_gmt":"2023-02-25T09:07:52","slug":"g20-giorgetti-no-passi-indietro-rispetto-a-bali","status":"publish","type":"post","link":"https:\/\/www.messinaoggi.it\/website\/2023\/02\/25\/g20-giorgetti-no-passi-indietro-rispetto-a-bali\/","title":{"rendered":"G20, Giorgetti \u201cNo passi indietro rispetto a Bali\u201d"},"content":{"rendered":"<div>BANGALURU &#8220;Non possiamo mettere in discussione ci\u00f2 che \u00e8 stato approvato a Bali e qualsiasi altra soluzione sarebbe un arretramento inaccettabile&#8221;. Cos\u00ec il ministro Giancarlo Giorgetti prima dell&#8217;inizio dei lavori dell&#8217;ultima giornata del G20 riferendosi alla ferma condanna dell\u2019attacco della Russia contro l\u2019Ucraina.<div id=\"div-gpt-ad-Messinaoggi.it-DSK-300x250-corpoart\" style=\"text-align:center;margin:0 auto;\"><\/div><\/p>\n<p>Foto: agenziafotogramma.it<div id=\"videoincontent\" style=\"clear:both\";><\/div><\/p>\n<p>(ITALPRESS).<\/p><\/div>\n","protected":false},"excerpt":{"rendered":"<p>BANGALURU &#8220;Non possiamo mettere in discussione ci\u00f2 che \u00e8 stato approvato a Bali e qualsiasi altra soluzione sarebbe un arretramento inaccettabile&#8221;. Cos\u00ec il ministro Giancarlo Giorgetti prima dell&#8217;inizio dei lavori dell&#8217;ultima giornata del G20 riferendosi alla ferma condanna dell\u2019attacco della Russia contro l\u2019Ucraina. Foto: agenziafotogramma.it (ITALPRESS).<\/p>\n","protected":false},"author":18,"featured_media":143610,"comment_status":"closed","ping_status":"closed","sticky":false,"template":"","format":"standard","meta":{"ub_ctt_via":"","_mi_skip_tracking":false},"categories":[446],"tags":[783],"featured_image_src":"https:\/\/www.messinaoggi.it\/website\/wp-content\/uploads\/2023\/02\/20230225_0159.jpg","author_info":{"display_name":"Admin","author_link":"https:\/\/www.messinaoggi.it\/website\/author\/admin\/"},"digistream_id":0,"digistream":false,"_links":{"self":[{"href":"https:\/\/www.messinaoggi.it\/website\/wp-json\/wp\/v2\/posts\/143609"}],"collection":[{"href":"https:\/\/www.messinaoggi.it\/website\/wp-json\/wp\/v2\/posts"}],"about":[{"href":"https:\/\/www.messinaoggi.it\/website\/wp-json\/wp\/v2\/types\/post"}],"author":[{"embeddable":true,"href":"https:\/\/www.messinaoggi.it\/website\/wp-json\/wp\/v2\/users\/18"}],"replies":[{"embeddable":true,"href":"https:\/\/www.messinaoggi.it\/website\/wp-json\/wp\/v2\/comments?post=143609"}],"version-history":[{"count":0,"href":"https:\/\/www.messinaoggi.it\/website\/wp-json\/wp\/v2\/posts\/143609\/revisions"}],"wp:featuredmedia":[{"embeddable":true,"href":"https:\/\/www.messinaoggi.it\/website\/wp-json\/wp\/v2\/media\/143610"}],"wp:attachment":[{"href":"https:\/\/www.messinaoggi.it\/website\/wp-json\/wp\/v2\/media?parent=143609"}],"wp:term":[{"taxonomy":"category","embeddable":true,"href":"https:\/\/www.messinaoggi.it\/website\/wp-json\/wp\/v2\/categories?post=143609"},{"taxonomy":"post_tag","embeddable":true,"href":"https:\/\/www.messinaoggi.it\/website\/wp-json\/wp\/v2\/tags?post=143609"}],"curies":[{"name":"wp","href":"https:\/\/api.w.org\/{rel}","templated":true}]}}