{"id":143572,"date":"2023-02-24T19:07:53","date_gmt":"2023-02-24T18:07:53","guid":{"rendered":"https:\/\/www.messinaoggi.it\/website\/2023\/02\/24\/visco-sui-tassi-cautela-ma-al-momento-nessuna-preoccupazione\/"},"modified":"2023-02-24T19:07:53","modified_gmt":"2023-02-24T18:07:53","slug":"visco-sui-tassi-cautela-ma-al-momento-nessuna-preoccupazione","status":"publish","type":"post","link":"https:\/\/www.messinaoggi.it\/website\/2023\/02\/24\/visco-sui-tassi-cautela-ma-al-momento-nessuna-preoccupazione\/","title":{"rendered":"Visco \u201cSui tassi cautela, ma al momento nessuna preoccupazione\u201d"},"content":{"rendered":"<div>ROMA (ITALPRESS) &#8211; &#8220;Sul rialzo dei tassi siamo partiti da tassi negativi, quindi in termini reali a un anno da oggi i tassi reali sono attorno allo zero e, francamente, non c&#8217;\u00e8 da essere preoccupati. Quello che dobbiamo fare \u00e8 essere cauti nel non fare troppo ma certamente stiamo facendo bene&#8221;. Cos\u00ec il governatore della Banca d&#8217;Italia, Ignazio Visco, in un&#8217;intervista alla CnbcTv, a margine dei lavori del G20, in merito al rialzo dei tassi da pate della Bce. &#8220;L&#8217;ultimo aumento da 50 punti base deciso da Francoforte \u00e8 stato dovuto al fatto che mentre i prezzi energetici stanno calando questo fenomeno non si sta registrando per i prezzi non energetici e quindi significa che dobbiamo essere cauti e determinati&#8221;, ha aggiunto. Quindi, secondo Visco,  &#8220;dobbiamo decidere sulla base delle informazioni che diventano disponibili, abbiamo gi\u00e0 detto meeting dopo meeting, anche se abbiamo gi\u00e0 indicato che potremmo aumentare di altri 50 punti base a marzo ma \u00e8 realmente una decisione meeting dopo meeting&#8221;. <br \/>Quanto a un possibile rischio recessione, secondo il governatore &#8220;la recessione non \u00e8 inevitabile in Europa. Siamo stati sorpresi da una performance migliore delle attese la scorsa estate. Abbiamo considerato la possibilit\u00e0 di una recessione tecnica tra fine 2022 e inizio 2023 e non c&#8217;\u00e8 nulla del genere. C&#8217;\u00e8 un consistente rallentamento a causa dei prezzi energetici&#8221;. <br \/>Quindi &#8220;sostenere la crescita \u00e8 importante soprattutto per un paese come l&#8217;Italia con una popolazione che invecchia e una trasformazione dell&#8217;economia in atto. C&#8217;\u00e8 un piano importante europeo di ripresa che dobbiamo portare avanti&#8221;.<div id=\"div-gpt-ad-Messinaoggi.it-DSK-300x250-corpoart\" style=\"text-align:center;margin:0 auto;\"><\/div><\/p>\n<p>&#8211; foto Agenziafotogramma.it &#8211;<div id=\"videoincontent\" style=\"clear:both\";><\/div><\/p>\n<p>(ITALPRESS).<\/p><\/div>\n","protected":false},"excerpt":{"rendered":"<p>ROMA (ITALPRESS) &#8211; &#8220;Sul rialzo dei tassi siamo partiti da tassi negativi, quindi in termini reali a un anno da oggi i tassi reali sono attorno allo zero e, francamente, non c&#8217;\u00e8 da essere preoccupati. Quello che dobbiamo fare \u00e8 essere cauti nel non fare troppo ma certamente stiamo facendo bene&#8221;. Cos\u00ec il governatore della [&hellip;]<\/p>\n","protected":false},"author":18,"featured_media":143573,"comment_status":"closed","ping_status":"closed","sticky":false,"template":"","format":"standard","meta":{"ub_ctt_via":"","_mi_skip_tracking":false},"categories":[446],"tags":[783],"featured_image_src":"https:\/\/www.messinaoggi.it\/website\/wp-content\/uploads\/2023\/02\/20230224_1972.jpg","author_info":{"display_name":"Admin","author_link":"https:\/\/www.messinaoggi.it\/website\/author\/admin\/"},"digistream_id":0,"digistream":false,"_links":{"self":[{"href":"https:\/\/www.messinaoggi.it\/website\/wp-json\/wp\/v2\/posts\/143572"}],"collection":[{"href":"https:\/\/www.messinaoggi.it\/website\/wp-json\/wp\/v2\/posts"}],"about":[{"href":"https:\/\/www.messinaoggi.it\/website\/wp-json\/wp\/v2\/types\/post"}],"author":[{"embeddable":true,"href":"https:\/\/www.messinaoggi.it\/website\/wp-json\/wp\/v2\/users\/18"}],"replies":[{"embeddable":true,"href":"https:\/\/www.messinaoggi.it\/website\/wp-json\/wp\/v2\/comments?post=143572"}],"version-history":[{"count":0,"href":"https:\/\/www.messinaoggi.it\/website\/wp-json\/wp\/v2\/posts\/143572\/revisions"}],"wp:featuredmedia":[{"embeddable":true,"href":"https:\/\/www.messinaoggi.it\/website\/wp-json\/wp\/v2\/media\/143573"}],"wp:attachment":[{"href":"https:\/\/www.messinaoggi.it\/website\/wp-json\/wp\/v2\/media?parent=143572"}],"wp:term":[{"taxonomy":"category","embeddable":true,"href":"https:\/\/www.messinaoggi.it\/website\/wp-json\/wp\/v2\/categories?post=143572"},{"taxonomy":"post_tag","embeddable":true,"href":"https:\/\/www.messinaoggi.it\/website\/wp-json\/wp\/v2\/tags?post=143572"}],"curies":[{"name":"wp","href":"https:\/\/api.w.org\/{rel}","templated":true}]}}