{"id":143530,"date":"2023-02-24T16:07:57","date_gmt":"2023-02-24T15:07:57","guid":{"rendered":"https:\/\/www.messinaoggi.it\/website\/2023\/02\/24\/ucraina-papa-pace-costruita-sulle-macerie-non-sara-mai-vera-vittoria\/"},"modified":"2023-02-24T16:07:57","modified_gmt":"2023-02-24T15:07:57","slug":"ucraina-papa-pace-costruita-sulle-macerie-non-sara-mai-vera-vittoria","status":"publish","type":"post","link":"https:\/\/www.messinaoggi.it\/website\/2023\/02\/24\/ucraina-papa-pace-costruita-sulle-macerie-non-sara-mai-vera-vittoria\/","title":{"rendered":"Ucraina, Papa \u201cPace costruita sulle macerie non sar\u00e0 mai vera vittoria\u201d"},"content":{"rendered":"<div>ROMA (ITALPRESS) &#8211; &#8220;Un anno fa iniziava l&#8217;assurda guerra contro l&#8217;Ucraina. Restiamo vicini al martoriato popolo ucraino che continua a soffrire e chiediamoci: \u00e8 stato fatto tutto il possibile per fermare la guerra? La pace costruita sulle macerie non sar\u00e0 mai una vera vittoria&#8221;. Cos\u00ec Papa Francesco su Twitter.<div id=\"div-gpt-ad-Messinaoggi.it-DSK-300x250-corpoart\" style=\"text-align:center;margin:0 auto;\"><\/div><\/p>\n<p>&#8211; foto Agenziafotogramma.it &#8211;<div id=\"videoincontent\" style=\"clear:both\";><\/div><\/p>\n<p>(ITALPRESS).<\/p><\/div>\n","protected":false},"excerpt":{"rendered":"<p>ROMA (ITALPRESS) &#8211; &#8220;Un anno fa iniziava l&#8217;assurda guerra contro l&#8217;Ucraina. Restiamo vicini al martoriato popolo ucraino che continua a soffrire e chiediamoci: \u00e8 stato fatto tutto il possibile per fermare la guerra? La pace costruita sulle macerie non sar\u00e0 mai una vera vittoria&#8221;. Cos\u00ec Papa Francesco su Twitter. &#8211; foto Agenziafotogramma.it &#8211; (ITALPRESS).<\/p>\n","protected":false},"author":18,"featured_media":143531,"comment_status":"closed","ping_status":"closed","sticky":false,"template":"","format":"standard","meta":{"ub_ctt_via":"","_mi_skip_tracking":false},"categories":[446],"tags":[783],"featured_image_src":"https:\/\/www.messinaoggi.it\/website\/wp-content\/uploads\/2023\/02\/20230224_1094.jpg","author_info":{"display_name":"Admin","author_link":"https:\/\/www.messinaoggi.it\/website\/author\/admin\/"},"digistream_id":0,"digistream":false,"_links":{"self":[{"href":"https:\/\/www.messinaoggi.it\/website\/wp-json\/wp\/v2\/posts\/143530"}],"collection":[{"href":"https:\/\/www.messinaoggi.it\/website\/wp-json\/wp\/v2\/posts"}],"about":[{"href":"https:\/\/www.messinaoggi.it\/website\/wp-json\/wp\/v2\/types\/post"}],"author":[{"embeddable":true,"href":"https:\/\/www.messinaoggi.it\/website\/wp-json\/wp\/v2\/users\/18"}],"replies":[{"embeddable":true,"href":"https:\/\/www.messinaoggi.it\/website\/wp-json\/wp\/v2\/comments?post=143530"}],"version-history":[{"count":0,"href":"https:\/\/www.messinaoggi.it\/website\/wp-json\/wp\/v2\/posts\/143530\/revisions"}],"wp:featuredmedia":[{"embeddable":true,"href":"https:\/\/www.messinaoggi.it\/website\/wp-json\/wp\/v2\/media\/143531"}],"wp:attachment":[{"href":"https:\/\/www.messinaoggi.it\/website\/wp-json\/wp\/v2\/media?parent=143530"}],"wp:term":[{"taxonomy":"category","embeddable":true,"href":"https:\/\/www.messinaoggi.it\/website\/wp-json\/wp\/v2\/categories?post=143530"},{"taxonomy":"post_tag","embeddable":true,"href":"https:\/\/www.messinaoggi.it\/website\/wp-json\/wp\/v2\/tags?post=143530"}],"curies":[{"name":"wp","href":"https:\/\/api.w.org\/{rel}","templated":true}]}}