{"id":143484,"date":"2023-02-24T14:07:54","date_gmt":"2023-02-24T13:07:54","guid":{"rendered":"https:\/\/www.messinaoggi.it\/website\/2023\/02\/24\/creiamo-insieme-un-futuro-sostenibile-evento-ibm-a-milano\/"},"modified":"2023-02-24T14:07:54","modified_gmt":"2023-02-24T13:07:54","slug":"creiamo-insieme-un-futuro-sostenibile-evento-ibm-a-milano","status":"publish","type":"post","link":"https:\/\/www.messinaoggi.it\/website\/2023\/02\/24\/creiamo-insieme-un-futuro-sostenibile-evento-ibm-a-milano\/","title":{"rendered":"\u201cCreiamo insieme un futuro sostenibile\u201d, evento IBM a Milano"},"content":{"rendered":"<div>MILANO (ITALPRESS) &#8211; &#8220;Creiamo insieme un futuro sostenibile&#8221;, \u00e8 il titolo dell&#8217;evento organizzato da IBM Italia. Il primo marzo, gli IBM Studios di Milano accoglieranno ospiti di diversa estrazione, pubblica e privata, per ragionare sulle tre dimensioni della sostenibilit\u00e0, sociale, ambientale ed economica: &#8220;Le sfide che abbiamo davanti &#8211; ha detto all&#8217;Italpress l&#8217;ad di IBM Italia, Stefano Rebattoni &#8211; sono senza precedenti. Fare sistema \u00e8 necessario, mondo pubblico e mondo privato, attraverso le diverse dimensioni di intervento: infrastrutture critiche (trasporti, connettivit\u00e0, reti energetiche), infrastrutture digitali e catene di approvvigionamento. IBM ha costruito una practice attorno a queste tre dimensioni e realizza progettualit\u00e0, assieme ai propri partner, per portare efficienza e quindi minori sprechi&#8221;. <a href=\"https:\/\/www.ibm.com\/events\/reg\/flow\/ibm\/9vc2x0mb\/landing\/page\/landing?lnk=hpitca1\">La conferenza, cui \u00e8 possibile partecipare registrandosi<\/a>, sar\u00e0 aperta da un video messaggio del ministro dell&#8217;Ambiente e della Sicurezza Energetica, Gilberto Pichetto Fratin e da un intervento del sindaco di Milano, Giuseppe Sala. Fra gli ospiti della mattinata sono confermati, ad esempio, Anna Monticelli, climate change senior expert di Intesa Sanpaolo, Gianluca Fusco, environment, trading, generation e distribution IT manager di A2A, Renata Mele, senior vice presidente sustainability di Leonardo e Stefano Saglia, consigliere ARERA.<br \/>\n&#8220;E&#8217; un evento fondamentale &#8211; ha detto ancora Rebattoni &#8211; per fare rete e sistema con i clienti, con i partner e con le istituzioni e guardare al tema della sostenibilit\u00e0 in una accezione pi\u00f9 ampia. Sostenibilit\u00e0 vuol dire fare impresa in un modo diverso rispetto al passato. Porteremo le migliori pratiche, su diversi settori di industria che gi\u00e0 oggi stanno curando progetti di sostenibilit\u00e0: dal settore finanziario, e poi trasporti, energy&amp;utilities. Sono casi concreti da cui trarre ispirazione&#8221;.<br \/>\nIBM Italia pu\u00f2 citare diverse esperienze recenti che calano nel concreto la parola sostenibilit\u00e0, per esempio di recente, assieme a Metropolitana Milanese, societ\u00e0 che si occupa della gestione del servizio idrico integrato e di parte del patrimonio edilizio milanese, IBM ha sviluppato una piattaforma per gestire ed efficientare la filiera idrica milanese e l&#8217;edilizia popolare; nel 2020 \u00e8 stato realizzato il nuovo sistema per il monitoraggio delle infrastrutture di Autostrade per l&#8217;Italia basato su Intelligenza Artificiale e IoT, mentre ha collaborato con Roma Capitale per l&#8217;efficientamento energetico dei data center.<div id=\"div-gpt-ad-Messinaoggi.it-DSK-300x250-corpoart\" style=\"text-align:center;margin:0 auto;\"><\/div><\/p>\n<p>&#8211; foto tratta da video Italpress &#8211;<br \/>\n(ITALPRESS).<div id=\"videoincontent\" style=\"clear:both\";><\/div><\/p><\/div>\n","protected":false},"excerpt":{"rendered":"<p>MILANO (ITALPRESS) &#8211; &#8220;Creiamo insieme un futuro sostenibile&#8221;, \u00e8 il titolo dell&#8217;evento organizzato da IBM Italia. Il primo marzo, gli IBM Studios di Milano accoglieranno ospiti di diversa estrazione, pubblica e privata, per ragionare sulle tre dimensioni della sostenibilit\u00e0, sociale, ambientale ed economica: &#8220;Le sfide che abbiamo davanti &#8211; ha detto all&#8217;Italpress l&#8217;ad di IBM [&hellip;]<\/p>\n","protected":false},"author":18,"featured_media":143485,"comment_status":"closed","ping_status":"closed","sticky":false,"template":"","format":"standard","meta":{"ub_ctt_via":"","_mi_skip_tracking":false},"categories":[446],"tags":[783],"featured_image_src":"https:\/\/www.messinaoggi.it\/website\/wp-content\/uploads\/2023\/02\/20230224_0633.jpg","author_info":{"display_name":"Admin","author_link":"https:\/\/www.messinaoggi.it\/website\/author\/admin\/"},"digistream_id":0,"digistream":false,"_links":{"self":[{"href":"https:\/\/www.messinaoggi.it\/website\/wp-json\/wp\/v2\/posts\/143484"}],"collection":[{"href":"https:\/\/www.messinaoggi.it\/website\/wp-json\/wp\/v2\/posts"}],"about":[{"href":"https:\/\/www.messinaoggi.it\/website\/wp-json\/wp\/v2\/types\/post"}],"author":[{"embeddable":true,"href":"https:\/\/www.messinaoggi.it\/website\/wp-json\/wp\/v2\/users\/18"}],"replies":[{"embeddable":true,"href":"https:\/\/www.messinaoggi.it\/website\/wp-json\/wp\/v2\/comments?post=143484"}],"version-history":[{"count":0,"href":"https:\/\/www.messinaoggi.it\/website\/wp-json\/wp\/v2\/posts\/143484\/revisions"}],"wp:featuredmedia":[{"embeddable":true,"href":"https:\/\/www.messinaoggi.it\/website\/wp-json\/wp\/v2\/media\/143485"}],"wp:attachment":[{"href":"https:\/\/www.messinaoggi.it\/website\/wp-json\/wp\/v2\/media?parent=143484"}],"wp:term":[{"taxonomy":"category","embeddable":true,"href":"https:\/\/www.messinaoggi.it\/website\/wp-json\/wp\/v2\/categories?post=143484"},{"taxonomy":"post_tag","embeddable":true,"href":"https:\/\/www.messinaoggi.it\/website\/wp-json\/wp\/v2\/tags?post=143484"}],"curies":[{"name":"wp","href":"https:\/\/api.w.org\/{rel}","templated":true}]}}