{"id":143480,"date":"2023-02-24T13:07:52","date_gmt":"2023-02-24T12:07:52","guid":{"rendered":"https:\/\/www.messinaoggi.it\/website\/2023\/02\/24\/bonaccini-voglio-un-pd-piu-riformista-e-vicino-ai-territori\/"},"modified":"2023-02-24T13:07:52","modified_gmt":"2023-02-24T12:07:52","slug":"bonaccini-voglio-un-pd-piu-riformista-e-vicino-ai-territori","status":"publish","type":"post","link":"https:\/\/www.messinaoggi.it\/website\/2023\/02\/24\/bonaccini-voglio-un-pd-piu-riformista-e-vicino-ai-territori\/","title":{"rendered":"Bonaccini \u201cVoglio un Pd pi\u00f9 riformista e vicino ai territori\u201d"},"content":{"rendered":"<div>ROMA (ITALPRESS) &#8211; &#8220;Un partito molto pi\u00f9 popolare, che torni di pi\u00f9 dove la gente vive, lavora e studia, nelle piazze e nei mercati, da dove eravamo un p\u00f2 spariti&#8221;. E&#8217; il Partito Democratico che ha in mente Stefano Bonaccini, che domenica 26 febbraio sfider\u00e0 Elly Schlein alle primarie per la segreteria. Intervistato da Claudio Brachino per la rubrica Primo Piano dell&#8217;agenzia di stampa Italpress, il presidente della Regione Emilia Romagna delinea il ritratto di un Pd &#8220;riformista, che vuole cambiare le cose per migliorarle ogni giorno&#8221;, basandosi su &#8220;quattro architravi &#8211; spiega -: il lavoro, a partire dalla lotta al precariato che condiziona un&#8217;intera generazione, il sostegno alle imprese, la difesa di scuola e sanit\u00e0 pubblica che il governo sta mettendo in discussione e poi l&#8217;ambiente, perch\u00e8 se non investiamo sulle energie rinnovabili rischiamo che per il pianeta non ci sia futuro&#8221;.<br \/>&#8220;Per me \u00e8 importante che ci sia una connessione con il territorio&#8221;, aggiunge, e sui diritti civili, &#8220;che a me sono cari, non prendo lezioni da nessuno: sono stato il primo presidente di una regione italiana a far approvare una legge regionale contro l&#8217;omotransfobia&#8221;, ricorda.<br \/>&#8220;Ma di fianco ai diritti civili dobbiamo mettere sempre i diritti sociali, per dare un valore maggiore alle battaglie che facciamo e che faremo&#8221;, sottolinea Bonaccini, che sulle dinamiche interne al partito afferma: &#8220;Credo molto all&#8217;idea dell&#8217;unit\u00e0, che non vuol dire togliere le differenze. Se diventer\u00f2 segretario domenica sera, chieder\u00f2 una mano ad Elly Schlein, cos\u00ec come a Paola De Micheli e a Gianni Cuperlo&#8221;, spiega facendo riferimento agli altri due candidati alla segreteria che si sono fermati ai congressi di circolo.<br \/>&#8220;Il fatto che Elly Schlein dopo tanti anni si sia iscritta al Partito Democratico mi fa assolutamente piacere, credo che sia il prodromo del fatto che non uscir\u00e0 pi\u00f9 dal Pd, e non solo lei ma anche tanti altri. Al contrario della scissione, dobbiamo provare a recuperare voti &#8211; evidenzia Bonaccini -: abbiamo bisogno di richiamare, non di allontanare&#8221;. Inoltre &#8220;vorrei una sinistra che uscisse dai salotti radical chic e sia pi\u00f9 radicata sui territori&#8221;. Altrimenti &#8220;puoi vincere nelle grandi citt\u00e0, se per\u00f2 non raccogli voti nelle periferie, in montagna, nei piccoli centri, alla fine perdi in tante regioni come da anni succede nel Paese intero&#8221; e come \u00e8 successo nel Lazio e in Lombardia, dove alle ultime elezioni regionali si \u00e8 registrata &#8220;un&#8217;astensione drammatica: credo che tra i motivi ci sia il fatto che la gente non ne pu\u00f2 pi\u00f9 di una classe politica che troppo spesso si insulta e si urla addosso&#8221;, sottolinea il governatore dell&#8217;Emilia Romagna.<br \/>Quello che \u00e8 accaduto in Lazio e Lombardia &#8220;dovrebbe aver aperto gli occhi anche al Movimento 5 Stelle e al Terzo Polo: \u00e8 stata una sconfitta netta per tutti, con alleanze anche variabili. A loro dico che, se vorranno essere avversari della destra, da soli non si vince&#8221; e &#8220;senza il PD \u00e8 praticamente impossibile&#8221;, spiega Bonaccini. Per quanto riguarda eventuali alleanze, comunque, &#8220;adesso non ne abbiamo l&#8217;assillo: si voter\u00e0 nella primavera 2024 per le europee e la prima sfida sar\u00e0 riportare il Pd ad essere il primo partito del Paese&#8221;, ma in ogni caso &#8220;si devono fare a partire dai programmi e da un&#8217;idea di societ\u00e0. Bisogna partire da temi su cui possiamo convergere: se diventer\u00f2 segretario, nei prossimi giorni proporr\u00f2&#8221; a M5s e Terzo Polo &#8220;di fare una grande mobilitazione contro i tagli alla sanit\u00e0, per dare una risposta ai pi\u00f9 fragili&#8221;.<br \/>Sui gazebo delle primarie di domenica sventoleranno le bandiere della pace e quella dell&#8217;Ucraina: su questo tema, &#8220;faccio mie le parole di Cuperlo, che condivido: se si ferma la Russia, finisce la guerra. Se si ferma la resistenza ucraina, finisce l&#8217;Ucraina e questo non ce lo possiamo permettere. Abbiamo fatto bene a schierarci da quella parte, era giusto sostenere la resistenza ucraina perch\u00e8 quello \u00e8 il popolo aggredito. Dopodich\u00e8, dobbiamo chiedere all&#8217;Europa&#8221; di spendersi di pi\u00f9 per &#8220;un&#8217;azione diplomatica, per arrivare a una pace ovviamente giusta&#8221;, afferma Bonaccini.<br \/>Infine un giudizio sull&#8217;attuale governo: &#8220;Giorgia Meloni non \u00e8 adeguata a guidare questo Paese, perch\u00e8 sta smentendo quanto detto in campagna elettorale e sta facendo scelte sbagliate, tagliando due diritti fondamentali come il diritto all&#8217;istruzione e alla salute&#8221;, spiega il candidato alla segreteria dem, che conclude. &#8220;Non voglio battere la destra nei talk show o sui giornali, voglio batterla alle urne e tornare al governo del Paese&#8221;.<div id=\"div-gpt-ad-Messinaoggi.it-DSK-300x250-corpoart\" style=\"text-align:center;margin:0 auto;\"><\/div><\/p>\n<p>&#8211; foto Italpress &#8211;<div id=\"videoincontent\" style=\"clear:both\";><\/div><\/p>\n<p>(ITALPRESS).<\/p><\/div>\n","protected":false},"excerpt":{"rendered":"<p>ROMA (ITALPRESS) &#8211; &#8220;Un partito molto pi\u00f9 popolare, che torni di pi\u00f9 dove la gente vive, lavora e studia, nelle piazze e nei mercati, da dove eravamo un p\u00f2 spariti&#8221;. E&#8217; il Partito Democratico che ha in mente Stefano Bonaccini, che domenica 26 febbraio sfider\u00e0 Elly Schlein alle primarie per la segreteria. Intervistato da Claudio [&hellip;]<\/p>\n","protected":false},"author":18,"featured_media":143481,"comment_status":"closed","ping_status":"closed","sticky":false,"template":"","format":"standard","meta":{"ub_ctt_via":"","_mi_skip_tracking":false},"categories":[446],"tags":[783],"featured_image_src":"https:\/\/www.messinaoggi.it\/website\/wp-content\/uploads\/2023\/02\/20230224_0535.jpg","author_info":{"display_name":"Admin","author_link":"https:\/\/www.messinaoggi.it\/website\/author\/admin\/"},"digistream_id":0,"digistream":false,"_links":{"self":[{"href":"https:\/\/www.messinaoggi.it\/website\/wp-json\/wp\/v2\/posts\/143480"}],"collection":[{"href":"https:\/\/www.messinaoggi.it\/website\/wp-json\/wp\/v2\/posts"}],"about":[{"href":"https:\/\/www.messinaoggi.it\/website\/wp-json\/wp\/v2\/types\/post"}],"author":[{"embeddable":true,"href":"https:\/\/www.messinaoggi.it\/website\/wp-json\/wp\/v2\/users\/18"}],"replies":[{"embeddable":true,"href":"https:\/\/www.messinaoggi.it\/website\/wp-json\/wp\/v2\/comments?post=143480"}],"version-history":[{"count":0,"href":"https:\/\/www.messinaoggi.it\/website\/wp-json\/wp\/v2\/posts\/143480\/revisions"}],"wp:featuredmedia":[{"embeddable":true,"href":"https:\/\/www.messinaoggi.it\/website\/wp-json\/wp\/v2\/media\/143481"}],"wp:attachment":[{"href":"https:\/\/www.messinaoggi.it\/website\/wp-json\/wp\/v2\/media?parent=143480"}],"wp:term":[{"taxonomy":"category","embeddable":true,"href":"https:\/\/www.messinaoggi.it\/website\/wp-json\/wp\/v2\/categories?post=143480"},{"taxonomy":"post_tag","embeddable":true,"href":"https:\/\/www.messinaoggi.it\/website\/wp-json\/wp\/v2\/tags?post=143480"}],"curies":[{"name":"wp","href":"https:\/\/api.w.org\/{rel}","templated":true}]}}