{"id":143453,"date":"2023-02-24T12:07:53","date_gmt":"2023-02-24T11:07:53","guid":{"rendered":"https:\/\/www.messinaoggi.it\/website\/2023\/02\/24\/mattarella-la-pace-e-frutto-dei-sentimenti-tra-i-popoli\/"},"modified":"2023-02-24T12:07:53","modified_gmt":"2023-02-24T11:07:53","slug":"mattarella-la-pace-e-frutto-dei-sentimenti-tra-i-popoli","status":"publish","type":"post","link":"https:\/\/www.messinaoggi.it\/website\/2023\/02\/24\/mattarella-la-pace-e-frutto-dei-sentimenti-tra-i-popoli\/","title":{"rendered":"Mattarella \u201cLa pace \u00e8 frutto dei sentimenti tra i popoli\u201d"},"content":{"rendered":"<div>ROMA (ITALPRESS) &#8211; &#8220;Questo \u00e8 un giorno particolare, perch\u00e8 oggi si compie un lungo anno della guerra di aggressione della Russia in Ucraina. Nella nostra Europa non si vedeva una guerra di aggressione dagli eventi drammatici che hanno preceduto e condotto alla seconda guerra mondiale. Allora gi\u00e0 molti contestavano, si opponevano a questi comportamenti aggressivi, molti giovani con coraggio vi si opponevano&#8221;. Lo dice il presidente della Repubblica Sergio Mattarella, nella cerimonia al Quirinale per la consegna degli attestati d&#8217;onore agli Alfieri della Repubblica.<br \/>&#8220;Due giorni fa ricorrevano gli 80 anni dall&#8217;uccisione di ragazzi che con coraggio si opposero a Hitler, con le parole, i messaggi, e pagarono questo con la vita &#8211; ha aggiunto il capo dello Stato -. Con il movimento della Rosa Bianca seminarono per il futuro, su impegni come questo \u00e8 nata poi la nuova Europa. Un anno fa la pace \u00e8 stata messa in pericolo. La pace non \u00e8 frutto solo degli accordi tra i governi, ma \u00e8 anche frutto dei sentimenti tra i popoli. Sono i comportamenti positivi ad alimentare la pace, per questo vi ringrazio&#8221;.<div id=\"div-gpt-ad-Messinaoggi.it-DSK-300x250-corpoart\" style=\"text-align:center;margin:0 auto;\"><\/div><\/p>\n<p>&#8211; foto ufficio stampa Quirinale &#8211;<div id=\"videoincontent\" style=\"clear:both\";><\/div><\/p>\n<p>(ITALPRESS).<\/p><\/div>\n","protected":false},"excerpt":{"rendered":"<p>ROMA (ITALPRESS) &#8211; &#8220;Questo \u00e8 un giorno particolare, perch\u00e8 oggi si compie un lungo anno della guerra di aggressione della Russia in Ucraina. Nella nostra Europa non si vedeva una guerra di aggressione dagli eventi drammatici che hanno preceduto e condotto alla seconda guerra mondiale. Allora gi\u00e0 molti contestavano, si opponevano a questi comportamenti aggressivi, [&hellip;]<\/p>\n","protected":false},"author":18,"featured_media":143454,"comment_status":"closed","ping_status":"closed","sticky":false,"template":"","format":"standard","meta":{"ub_ctt_via":"","_mi_skip_tracking":false},"categories":[446],"tags":[783],"featured_image_src":"https:\/\/www.messinaoggi.it\/website\/wp-content\/uploads\/2023\/02\/20230224_0384.jpg","author_info":{"display_name":"Admin","author_link":"https:\/\/www.messinaoggi.it\/website\/author\/admin\/"},"digistream_id":0,"digistream":false,"_links":{"self":[{"href":"https:\/\/www.messinaoggi.it\/website\/wp-json\/wp\/v2\/posts\/143453"}],"collection":[{"href":"https:\/\/www.messinaoggi.it\/website\/wp-json\/wp\/v2\/posts"}],"about":[{"href":"https:\/\/www.messinaoggi.it\/website\/wp-json\/wp\/v2\/types\/post"}],"author":[{"embeddable":true,"href":"https:\/\/www.messinaoggi.it\/website\/wp-json\/wp\/v2\/users\/18"}],"replies":[{"embeddable":true,"href":"https:\/\/www.messinaoggi.it\/website\/wp-json\/wp\/v2\/comments?post=143453"}],"version-history":[{"count":0,"href":"https:\/\/www.messinaoggi.it\/website\/wp-json\/wp\/v2\/posts\/143453\/revisions"}],"wp:featuredmedia":[{"embeddable":true,"href":"https:\/\/www.messinaoggi.it\/website\/wp-json\/wp\/v2\/media\/143454"}],"wp:attachment":[{"href":"https:\/\/www.messinaoggi.it\/website\/wp-json\/wp\/v2\/media?parent=143453"}],"wp:term":[{"taxonomy":"category","embeddable":true,"href":"https:\/\/www.messinaoggi.it\/website\/wp-json\/wp\/v2\/categories?post=143453"},{"taxonomy":"post_tag","embeddable":true,"href":"https:\/\/www.messinaoggi.it\/website\/wp-json\/wp\/v2\/tags?post=143453"}],"curies":[{"name":"wp","href":"https:\/\/api.w.org\/{rel}","templated":true}]}}