{"id":143438,"date":"2023-02-24T11:07:53","date_gmt":"2023-02-24T10:07:53","guid":{"rendered":"https:\/\/www.messinaoggi.it\/website\/2023\/02\/24\/meloni-litalia-e-con-kiev-nostro-dovere-lavorare-per-una-pace-giusta\/"},"modified":"2023-02-24T11:10:50","modified_gmt":"2023-02-24T10:10:50","slug":"meloni-litalia-e-con-kiev-nostro-dovere-lavorare-per-una-pace-giusta","status":"publish","type":"post","link":"https:\/\/www.messinaoggi.it\/website\/2023\/02\/24\/meloni-litalia-e-con-kiev-nostro-dovere-lavorare-per-una-pace-giusta\/","title":{"rendered":"Meloni \u201cL\u2019Italia \u00e8 con Kiev, nostro dovere lavorare per una pace giusta\u201d"},"content":{"rendered":"<div>ROMA (ITALPRESS) &#8211; &#8220;Il popolo ucraino sta pagando un prezzo molto alto, a Bucha e Irpin l&#8217;ho visto con i miei occhi e non lo dimenticher\u00f2. L&#8217;Ucraina non \u00e8 e non sar\u00e0 sola, sta difendendo anche i valori di libert\u00e0 e democrazia su cui nasce l&#8217;identit\u00e0 europea e le fondamenta stesse del diritto internazionale, senza il quale varrebbe solo la forza militare e ogni Stato del mondo rischierebbe di essere invaso dal proprio vicino. Non possiamo consentirlo, \u00e8 nostro dovere lavorare per arrivare a una pace giusta&#8221;. Lo dice in un videomessaggio il presidente del Consiglio, Giorgia Meloni, in coordinamento con i principali partner internazionali, in occasione del primo anniversario dell&#8217;avvio della guerra di aggressione russa all&#8217;Ucraina.<br \/>\n&#8220;Il mondo libero \u00e8 debitore nei confronti delle donne e degli uomini ucraini: l&#8217;Italia \u00e8 dalla loro parte&#8221;, aggiunge.<br \/>\n&#8220;Un anno fa la Federazione russa ha scioccato il mondo invadendo l&#8217;Ucraina. La Russia gi\u00e0 in passato aveva compiuto aggressioni nei confronti dei propri vicini e mai aveva spento le rivendicazioni su quelli che chiama i suoi confini storici. Ma nessuno avrebbe mai immaginato un atto cos\u00ec grave. Ci eravamo illusi&#8221;, sottolinea Meloni, ricordando che &#8220;l&#8217;obiettivo di Putin era far capitolare l&#8217;Ucraina per poi rivolgere le sue mire espansionistiche agli Stati confinanti, non solo europei. Quel piano \u00e8 fallito. Mosca ha dovuto fare i conti con l&#8217;eroica reazione di un popolo disposto a tutto per difendere la propria libert\u00e0 e con una cosa pi\u00f9 forte di missili e carrarmati: l&#8217;amore per la propria patria&#8221;.<div id=\"div-gpt-ad-Messinaoggi.it-DSK-300x250-corpoart\" style=\"text-align:center;margin:0 auto;\"><\/div><\/p>\n<p>&#8211; foto agenziafotogramma.it &#8211;<br \/>\n(ITALPRESS).<div id=\"videoincontent\" style=\"clear:both\";><\/div><\/p><\/div>\n","protected":false},"excerpt":{"rendered":"<p>ROMA (ITALPRESS) &#8211; &#8220;Il popolo ucraino sta pagando un prezzo molto alto, a Bucha e Irpin l&#8217;ho visto con i miei occhi e non lo dimenticher\u00f2. L&#8217;Ucraina non \u00e8 e non sar\u00e0 sola, sta difendendo anche i valori di libert\u00e0 e democrazia su cui nasce l&#8217;identit\u00e0 europea e le fondamenta stesse del diritto internazionale, senza [&hellip;]<\/p>\n","protected":false},"author":18,"featured_media":143439,"comment_status":"closed","ping_status":"closed","sticky":false,"template":"","format":"standard","meta":{"ub_ctt_via":"","_mi_skip_tracking":false},"categories":[446,4],"tags":[783],"featured_image_src":"https:\/\/www.messinaoggi.it\/website\/wp-content\/uploads\/2023\/02\/20230224_0251.jpg","author_info":{"display_name":"Admin","author_link":"https:\/\/www.messinaoggi.it\/website\/author\/admin\/"},"digistream_id":0,"digistream":false,"_links":{"self":[{"href":"https:\/\/www.messinaoggi.it\/website\/wp-json\/wp\/v2\/posts\/143438"}],"collection":[{"href":"https:\/\/www.messinaoggi.it\/website\/wp-json\/wp\/v2\/posts"}],"about":[{"href":"https:\/\/www.messinaoggi.it\/website\/wp-json\/wp\/v2\/types\/post"}],"author":[{"embeddable":true,"href":"https:\/\/www.messinaoggi.it\/website\/wp-json\/wp\/v2\/users\/18"}],"replies":[{"embeddable":true,"href":"https:\/\/www.messinaoggi.it\/website\/wp-json\/wp\/v2\/comments?post=143438"}],"version-history":[{"count":1,"href":"https:\/\/www.messinaoggi.it\/website\/wp-json\/wp\/v2\/posts\/143438\/revisions"}],"predecessor-version":[{"id":143440,"href":"https:\/\/www.messinaoggi.it\/website\/wp-json\/wp\/v2\/posts\/143438\/revisions\/143440"}],"wp:featuredmedia":[{"embeddable":true,"href":"https:\/\/www.messinaoggi.it\/website\/wp-json\/wp\/v2\/media\/143439"}],"wp:attachment":[{"href":"https:\/\/www.messinaoggi.it\/website\/wp-json\/wp\/v2\/media?parent=143438"}],"wp:term":[{"taxonomy":"category","embeddable":true,"href":"https:\/\/www.messinaoggi.it\/website\/wp-json\/wp\/v2\/categories?post=143438"},{"taxonomy":"post_tag","embeddable":true,"href":"https:\/\/www.messinaoggi.it\/website\/wp-json\/wp\/v2\/tags?post=143438"}],"curies":[{"name":"wp","href":"https:\/\/api.w.org\/{rel}","templated":true}]}}