{"id":143409,"date":"2023-02-24T09:12:12","date_gmt":"2023-02-24T08:12:12","guid":{"rendered":"http:\/\/www.messinaoggi.it\/website\/?p=143409"},"modified":"2023-02-24T09:12:13","modified_gmt":"2023-02-24T08:12:13","slug":"maltempo-a-messina-stanziati-37-milioni-di-euro","status":"publish","type":"post","link":"https:\/\/www.messinaoggi.it\/website\/2023\/02\/24\/maltempo-a-messina-stanziati-37-milioni-di-euro\/","title":{"rendered":"Maltempo a Messina, stanziati 3,7 milioni di euro"},"content":{"rendered":"\n<p>Il Consiglio dei ministri ha deliberato la dichiarazione dello stato di emergenza in conseguenza degli eccezionali eventi metereologici verificatisi nei giorni dal 22 al 27 novembre 2022 e il giorno 3 dicembre 2022 nel territorio della provincia di Messina&#8221;. Lo dichiara il ministro per la Protezione civile e le Politiche del mare, Nello Musumeci. Il provvedimento del governo, che riscontra anche una richiesta in tale senso del presidente della Regione siciliana, riconosce l&#8217;eccezionale intensit\u00e0 degli eventi che hanno determinato una grave situazione di pericolo per l&#8217;incolumit\u00e0 delle persone a causa di forti venti discensionali e mareggiate, che hanno causato allagamenti, movimenti franosi, danni alle opere di difesa costiera, agli edifici pubblici e privati, nonch\u00e9 alle attivit\u00e0 economiche e produttive. &#8220;Lo stanziamento previsto&#8221; &#8211; aggiunge Musumeci &#8211; \u00e9 di 3.700.000 di euro al fine di fare fronte alle spese dei primi interventi di soccorso e assistenza alla popolazione e di ripristino della funzionalit\u00e0 dei servizi pubblici e delle infrastrutture. La dichiarazione dello stato di emergenza &#8211; conclude il Ministro &#8211; avr\u00e0 validit\u00e0 di 12 mesi e all&#8217;attuazione di tutte le attivit\u00e0 consequenziali si provveder\u00e0 con ordinanze del Capo del Dipartimento della protezione civile, d&#8217;intesa con la Regione, in deroga alle disposizioni di legge ordinarie&#8221;. (ANSA).<br>TAG\/<div id=\"div-gpt-ad-Messinaoggi.it-DSK-300x250-corpoart\" style=\"text-align:center;margin:0 auto;\"><\/div><\/p>\n<div id=\"videoincontent\" style=\"clear:both\";><\/div>","protected":false},"excerpt":{"rendered":"<p>Il Consiglio dei ministri ha deliberato la dichiarazione dello stato di emergenza in conseguenza degli eccezionali eventi metereologici verificatisi nei giorni dal 22 al 27 novembre 2022 e il giorno 3 dicembre 2022 nel territorio della provincia di Messina&#8221;. Lo dichiara il ministro per la Protezione civile e le Politiche del mare, Nello Musumeci. Il [&hellip;]<\/p>\n","protected":false},"author":4,"featured_media":85007,"comment_status":"open","ping_status":"open","sticky":false,"template":"","format":"standard","meta":{"ub_ctt_via":"","_mi_skip_tracking":false},"categories":[6],"tags":[593],"featured_image_src":"https:\/\/www.messinaoggi.it\/website\/wp-content\/uploads\/2021\/10\/Vigili-fuoco-maltempo-catania.jpg","author_info":{"display_name":"redme","author_link":"https:\/\/www.messinaoggi.it\/website\/author\/redme\/"},"digistream_id":0,"digistream":false,"_links":{"self":[{"href":"https:\/\/www.messinaoggi.it\/website\/wp-json\/wp\/v2\/posts\/143409"}],"collection":[{"href":"https:\/\/www.messinaoggi.it\/website\/wp-json\/wp\/v2\/posts"}],"about":[{"href":"https:\/\/www.messinaoggi.it\/website\/wp-json\/wp\/v2\/types\/post"}],"author":[{"embeddable":true,"href":"https:\/\/www.messinaoggi.it\/website\/wp-json\/wp\/v2\/users\/4"}],"replies":[{"embeddable":true,"href":"https:\/\/www.messinaoggi.it\/website\/wp-json\/wp\/v2\/comments?post=143409"}],"version-history":[{"count":1,"href":"https:\/\/www.messinaoggi.it\/website\/wp-json\/wp\/v2\/posts\/143409\/revisions"}],"predecessor-version":[{"id":143411,"href":"https:\/\/www.messinaoggi.it\/website\/wp-json\/wp\/v2\/posts\/143409\/revisions\/143411"}],"wp:featuredmedia":[{"embeddable":true,"href":"https:\/\/www.messinaoggi.it\/website\/wp-json\/wp\/v2\/media\/85007"}],"wp:attachment":[{"href":"https:\/\/www.messinaoggi.it\/website\/wp-json\/wp\/v2\/media?parent=143409"}],"wp:term":[{"taxonomy":"category","embeddable":true,"href":"https:\/\/www.messinaoggi.it\/website\/wp-json\/wp\/v2\/categories?post=143409"},{"taxonomy":"post_tag","embeddable":true,"href":"https:\/\/www.messinaoggi.it\/website\/wp-json\/wp\/v2\/tags?post=143409"}],"curies":[{"name":"wp","href":"https:\/\/api.w.org\/{rel}","templated":true}]}}