{"id":143401,"date":"2023-02-24T09:07:52","date_gmt":"2023-02-24T08:07:52","guid":{"rendered":"https:\/\/www.messinaoggi.it\/website\/2023\/02\/24\/zelensky-il-2023-sara-lanno-della-nostra-vittoria\/"},"modified":"2023-02-24T09:07:52","modified_gmt":"2023-02-24T08:07:52","slug":"zelensky-il-2023-sara-lanno-della-nostra-vittoria","status":"publish","type":"post","link":"https:\/\/www.messinaoggi.it\/website\/2023\/02\/24\/zelensky-il-2023-sara-lanno-della-nostra-vittoria\/","title":{"rendered":"Zelensky \u201cIl 2023 sar\u00e0 l\u2019anno della nostra vittoria\u201d"},"content":{"rendered":"<div>KIEV (UCRAINA) (ITALPRESS) &#8211; &#8220;Il 24 febbraio milioni di noi hanno fatto una scelta. Non una bandiera bianca, ma una bandiera blu e gialla. Non fuggire, ma affrontare. Affrontare il nemico. Resistenza e lotta&#8221;. Lo scrive su Telegram il presidente dell&#8217;Ucraina, Volodymyr Zelensky, nel giorno dell&#8217;anniversario dell&#8217;invasione russa. &#8220;E&#8217; stato un anno di dolore, tristezza, fede e unit\u00e0 &#8211; aggiunge -. E questo \u00e8 un anno della nostra invincibilit\u00e0. Sappiamo che questo sar\u00e0 l&#8217;anno della nostra vittoria&#8221;.<div id=\"div-gpt-ad-Messinaoggi.it-DSK-300x250-corpoart\" style=\"text-align:center;margin:0 auto;\"><\/div><\/p>\n<p>&#8211; foto agenziafotogramma.it &#8211;<br \/>\n(ITALPRESS).<div id=\"videoincontent\" style=\"clear:both\";><\/div><\/p><\/div>\n","protected":false},"excerpt":{"rendered":"<p>KIEV (UCRAINA) (ITALPRESS) &#8211; &#8220;Il 24 febbraio milioni di noi hanno fatto una scelta. Non una bandiera bianca, ma una bandiera blu e gialla. Non fuggire, ma affrontare. Affrontare il nemico. Resistenza e lotta&#8221;. Lo scrive su Telegram il presidente dell&#8217;Ucraina, Volodymyr Zelensky, nel giorno dell&#8217;anniversario dell&#8217;invasione russa. &#8220;E&#8217; stato un anno di dolore, tristezza, [&hellip;]<\/p>\n","protected":false},"author":18,"featured_media":143402,"comment_status":"closed","ping_status":"closed","sticky":false,"template":"","format":"standard","meta":{"ub_ctt_via":"","_mi_skip_tracking":false},"categories":[446],"tags":[783],"featured_image_src":"https:\/\/www.messinaoggi.it\/website\/wp-content\/uploads\/2023\/02\/20230224_0123.jpg","author_info":{"display_name":"Admin","author_link":"https:\/\/www.messinaoggi.it\/website\/author\/admin\/"},"digistream_id":0,"digistream":false,"_links":{"self":[{"href":"https:\/\/www.messinaoggi.it\/website\/wp-json\/wp\/v2\/posts\/143401"}],"collection":[{"href":"https:\/\/www.messinaoggi.it\/website\/wp-json\/wp\/v2\/posts"}],"about":[{"href":"https:\/\/www.messinaoggi.it\/website\/wp-json\/wp\/v2\/types\/post"}],"author":[{"embeddable":true,"href":"https:\/\/www.messinaoggi.it\/website\/wp-json\/wp\/v2\/users\/18"}],"replies":[{"embeddable":true,"href":"https:\/\/www.messinaoggi.it\/website\/wp-json\/wp\/v2\/comments?post=143401"}],"version-history":[{"count":0,"href":"https:\/\/www.messinaoggi.it\/website\/wp-json\/wp\/v2\/posts\/143401\/revisions"}],"wp:featuredmedia":[{"embeddable":true,"href":"https:\/\/www.messinaoggi.it\/website\/wp-json\/wp\/v2\/media\/143402"}],"wp:attachment":[{"href":"https:\/\/www.messinaoggi.it\/website\/wp-json\/wp\/v2\/media?parent=143401"}],"wp:term":[{"taxonomy":"category","embeddable":true,"href":"https:\/\/www.messinaoggi.it\/website\/wp-json\/wp\/v2\/categories?post=143401"},{"taxonomy":"post_tag","embeddable":true,"href":"https:\/\/www.messinaoggi.it\/website\/wp-json\/wp\/v2\/tags?post=143401"}],"curies":[{"name":"wp","href":"https:\/\/api.w.org\/{rel}","templated":true}]}}