{"id":143397,"date":"2023-02-24T08:59:59","date_gmt":"2023-02-24T07:59:59","guid":{"rendered":"http:\/\/www.messinaoggi.it\/website\/?p=143397"},"modified":"2023-02-24T09:09:23","modified_gmt":"2023-02-24T08:09:23","slug":"dimissioni-previti-scelta-dettata-da-motivi-personali","status":"publish","type":"post","link":"https:\/\/www.messinaoggi.it\/website\/2023\/02\/24\/dimissioni-previti-scelta-dettata-da-motivi-personali\/","title":{"rendered":"Dimissioni Previti: &#8220;Scelta dettata da motivi personali&#8221;"},"content":{"rendered":"\n<p>Arriva il primo commento dell&#8217;ormai ex assessore Carlotta Previti a seguito delle sue dimissioni da assessore comunale. Delle non meglio specificate motivazioni e scelte personali ci sarebbero dietro la sua decisione di dimettersi dall&#8217;incarico che ricopriva, anche se le indiscrezioni pi\u00f9 accreditate vorrebbero che Previti, gi\u00e0 vice sindaco con la giunta De Luca, si sia dimessa per la sua mancata candidatura a sindaco di Messina da parte di Cateno De Luca prima e la sua mancata nomina a vicesindaco della citt\u00e0 da parte di Federico Basile ora. In ogni caso, stando a quanto dichiarato da Previti, non sarebbero queste le reali motivazioni della sua rottura con Basile e, dunque, De Luca.<div id=\"div-gpt-ad-Messinaoggi.it-DSK-300x250-corpoart\" style=\"text-align:center;margin:0 auto;\"><\/div><\/p>\n\n\n\n<p>&#8220;Motivazioni e scelte personali sono alla base delle mie dimissioni irrevocabili da assessore del Comune di Messina. &#8211; si legge in una nota di Previti &#8211; La mia decisione non \u00e8 legata ad altri impegni lavorativi e nemmeno ad incarichi diversi. Ringrazio per l\u2019opportunit\u00e0 datami dal sindaco Federico Basile e prima ancora dall\u2019onorevole Cateno De Luca e ringrazio i colleghi di giunta per la disponibilit\u00e0 manifestata nei miei confronti in questi anni passati insieme. Ringrazio tutto il personale tecnico-amministrativo del Comune di Messina che in questi anni con spirito di abnegazione ha consentito alla nostra citt\u00e0 di raggiungere primati nazionali di spesa e attrazione di finanziamenti europei. Ringrazio infine tutti i cittadini che sono stati al mio fianco, appoggiandomi e condividendo la mia azione politica.<div id=\"videoincontent\" style=\"clear:both\";><\/div><\/p>\n\n\n\n<p>\u201cNon smetter\u00f2 mai di amare Messina e tutto il suo straordinario territorio e far\u00f2 tutto il possibile per metterla in luce con azioni efficaci, strutturali e in linea con gli obiettivi delle politiche europee. Nell\u2019epoca della globalizzazione e della precariet\u00e0, tante sono le nuove sfide da affrontare per garantire condizioni di lavoro dignitose, migliori infrastrutture e opportunit\u00e0, innanzitutto per i pi\u00f9 giovani e le donne. Continuer\u00f2 a battermi ogni giorno per loro e, anche se non ricoprir\u00f2 pi\u00f9 il mio ruolo di assessore, garantir\u00f2 il mio massimo impegno per ridurre le disparit\u00e0 territoriali guardando al \u201cbene comune\u201d per le generazioni future e le comunit\u00e0 pi\u00f9 marginali nell\u2019affrontare le sfide globali&#8221;.<\/p>\n","protected":false},"excerpt":{"rendered":"<p>Arriva il primo commento dell&#8217;ormai ex assessore Carlotta Previti a seguito delle sue dimissioni da assessore comunale. Delle non meglio specificate motivazioni e scelte personali ci sarebbero dietro la sua decisione di dimettersi dall&#8217;incarico che ricopriva, anche se le indiscrezioni pi\u00f9 accreditate vorrebbero che Previti, gi\u00e0 vice sindaco con la giunta De Luca, si sia [&hellip;]<\/p>\n","protected":false},"author":8,"featured_media":15887,"comment_status":"open","ping_status":"open","sticky":false,"template":"","format":"standard","meta":{"ub_ctt_via":"","_mi_skip_tracking":false},"categories":[19],"tags":[2420,611,2972],"featured_image_src":"https:\/\/www.messinaoggi.it\/website\/wp-content\/uploads\/2018\/02\/Cateno-De-Luca-con-assessori-designati-Previti-e-Mondello-messinaoggiMR-1.jpg","author_info":{"display_name":"red..me","author_link":"https:\/\/www.messinaoggi.it\/website\/author\/redstage\/"},"digistream_id":0,"digistream":false,"_links":{"self":[{"href":"https:\/\/www.messinaoggi.it\/website\/wp-json\/wp\/v2\/posts\/143397"}],"collection":[{"href":"https:\/\/www.messinaoggi.it\/website\/wp-json\/wp\/v2\/posts"}],"about":[{"href":"https:\/\/www.messinaoggi.it\/website\/wp-json\/wp\/v2\/types\/post"}],"author":[{"embeddable":true,"href":"https:\/\/www.messinaoggi.it\/website\/wp-json\/wp\/v2\/users\/8"}],"replies":[{"embeddable":true,"href":"https:\/\/www.messinaoggi.it\/website\/wp-json\/wp\/v2\/comments?post=143397"}],"version-history":[{"count":2,"href":"https:\/\/www.messinaoggi.it\/website\/wp-json\/wp\/v2\/posts\/143397\/revisions"}],"predecessor-version":[{"id":143405,"href":"https:\/\/www.messinaoggi.it\/website\/wp-json\/wp\/v2\/posts\/143397\/revisions\/143405"}],"wp:featuredmedia":[{"embeddable":true,"href":"https:\/\/www.messinaoggi.it\/website\/wp-json\/wp\/v2\/media\/15887"}],"wp:attachment":[{"href":"https:\/\/www.messinaoggi.it\/website\/wp-json\/wp\/v2\/media?parent=143397"}],"wp:term":[{"taxonomy":"category","embeddable":true,"href":"https:\/\/www.messinaoggi.it\/website\/wp-json\/wp\/v2\/categories?post=143397"},{"taxonomy":"post_tag","embeddable":true,"href":"https:\/\/www.messinaoggi.it\/website\/wp-json\/wp\/v2\/tags?post=143397"}],"curies":[{"name":"wp","href":"https:\/\/api.w.org\/{rel}","templated":true}]}}