{"id":143394,"date":"2023-02-24T08:32:08","date_gmt":"2023-02-24T07:32:08","guid":{"rendered":"http:\/\/www.messinaoggi.it\/website\/?p=143394"},"modified":"2023-02-24T08:32:09","modified_gmt":"2023-02-24T07:32:09","slug":"nel-week-end-sospensione-anticipata-dellerogazione-idrica-ecco-dove","status":"publish","type":"post","link":"https:\/\/www.messinaoggi.it\/website\/2023\/02\/24\/nel-week-end-sospensione-anticipata-dellerogazione-idrica-ecco-dove\/","title":{"rendered":"Nel week end sospensione anticipata dell&#8217;erogazione idrica: ecco dove"},"content":{"rendered":"\n<p>Questo fine settimana, da sabato 24 a domenica del giorno dopo, ci sar\u00e0 un&#8217;interruzione anticipata dell&#8217;erogazione d&#8217;acqua in alcune zone del centro nord della citt\u00e0. Ci\u00f2 si rende necessario per la riparazione ad una condotta idrica adduttrice che serve il centro citt\u00e0 e la zona nord.<div id=\"div-gpt-ad-Messinaoggi.it-DSK-300x250-corpoart\" style=\"text-align:center;margin:0 auto;\"><\/div><\/p>\n\n\n\n<p>In dettaglio, le zone interessate saranno: C.da San Corrao e parte alta di Gravitelli; Parte alta della Via Torrente Trapani; Via Puntale Arena, via Adda, via Carrai, via Varatia, via Trebbia, via Grattoni, via 108; C.da Scoppo e c.da Caprera; Bisconte; San Licandro e tutta la zona a monte del viale Regina Elena; c.da Citola, Annunziata Alta, Campo Italia; i villaggi collinari della zona nord (Marotta, Papardo, Castanea, Masse, Curcuraci, Faro Superiore \u2013 dalla via Torrente Papardo verso Sant\u2019Agata), Sant\u2019Agata, Ganzirri e Torre Faro.<div id=\"videoincontent\" style=\"clear:both\";><\/div><\/p>\n\n\n\n<p>Gli utenti potranno seguire gli aggiornamenti sul sito Amam e segnalare eventuali situazioni di particolare disagio o emergenza al numero dedicato 090.3687722 o sulla pagina social all\u2019indirizzo\u00a0<a rel=\"noreferrer noopener\" href=\"https:\/\/www.facebook.com\/ufficio.stampa.amam\" target=\"_blank\">https:\/\/www.facebook.com\/ufficio.stampa.amam<\/a>.<\/p>\n","protected":false},"excerpt":{"rendered":"<p>Questo fine settimana, da sabato 24 a domenica del giorno dopo, ci sar\u00e0 un&#8217;interruzione anticipata dell&#8217;erogazione d&#8217;acqua in alcune zone del centro nord della citt\u00e0. Ci\u00f2 si rende necessario per la riparazione ad una condotta idrica adduttrice che serve il centro citt\u00e0 e la zona nord. In dettaglio, le zone interessate saranno: C.da San Corrao [&hellip;]<\/p>\n","protected":false},"author":8,"featured_media":3506,"comment_status":"open","ping_status":"open","sticky":false,"template":"","format":"standard","meta":{"ub_ctt_via":"","_mi_skip_tracking":false},"categories":[6],"tags":[95,1080],"featured_image_src":"https:\/\/www.messinaoggi.it\/website\/wp-content\/uploads\/2017\/06\/acqua-amam-2.jpg","author_info":{"display_name":"red..me","author_link":"https:\/\/www.messinaoggi.it\/website\/author\/redstage\/"},"digistream_id":0,"digistream":false,"_links":{"self":[{"href":"https:\/\/www.messinaoggi.it\/website\/wp-json\/wp\/v2\/posts\/143394"}],"collection":[{"href":"https:\/\/www.messinaoggi.it\/website\/wp-json\/wp\/v2\/posts"}],"about":[{"href":"https:\/\/www.messinaoggi.it\/website\/wp-json\/wp\/v2\/types\/post"}],"author":[{"embeddable":true,"href":"https:\/\/www.messinaoggi.it\/website\/wp-json\/wp\/v2\/users\/8"}],"replies":[{"embeddable":true,"href":"https:\/\/www.messinaoggi.it\/website\/wp-json\/wp\/v2\/comments?post=143394"}],"version-history":[{"count":1,"href":"https:\/\/www.messinaoggi.it\/website\/wp-json\/wp\/v2\/posts\/143394\/revisions"}],"predecessor-version":[{"id":143395,"href":"https:\/\/www.messinaoggi.it\/website\/wp-json\/wp\/v2\/posts\/143394\/revisions\/143395"}],"wp:featuredmedia":[{"embeddable":true,"href":"https:\/\/www.messinaoggi.it\/website\/wp-json\/wp\/v2\/media\/3506"}],"wp:attachment":[{"href":"https:\/\/www.messinaoggi.it\/website\/wp-json\/wp\/v2\/media?parent=143394"}],"wp:term":[{"taxonomy":"category","embeddable":true,"href":"https:\/\/www.messinaoggi.it\/website\/wp-json\/wp\/v2\/categories?post=143394"},{"taxonomy":"post_tag","embeddable":true,"href":"https:\/\/www.messinaoggi.it\/website\/wp-json\/wp\/v2\/tags?post=143394"}],"curies":[{"name":"wp","href":"https:\/\/api.w.org\/{rel}","templated":true}]}}