{"id":14337,"date":"2018-01-15T12:57:42","date_gmt":"2018-01-15T11:57:42","guid":{"rendered":"http:\/\/www.messinaoggi.it\/website\/?p=14337"},"modified":"2018-01-15T12:57:42","modified_gmt":"2018-01-15T11:57:42","slug":"personalismo-e-scelte-sbagliate-cosi-accorinti-sta-continuando-a-perdere-pezzi","status":"publish","type":"post","link":"https:\/\/www.messinaoggi.it\/website\/2018\/01\/15\/personalismo-e-scelte-sbagliate-cosi-accorinti-sta-continuando-a-perdere-pezzi\/","title":{"rendered":"Personalismo e scelte sbagliate, Accorinti perde pezzi"},"content":{"rendered":"<p style=\"text-align: justify;\">La campagna di Renato Accorinti \u00e8 gi\u00e0 iniziata, il sindaco gi\u00e0 da qualche settimana ha rotto gli indugi confermando la volont\u00e0 di ricandidarsi per tentare un nuovo assalto a Palazzo Zanca.<div id=\"div-gpt-ad-Messinaoggi.it-DSK-300x250-corpoart\" style=\"text-align:center;margin:0 auto;\"><\/div><\/p>\n<p style=\"text-align: justify;\">Molte cose, per\u00f2, rispetto a cinque anni fa sono profondamente cambiate, il nome di Accorinti non sembra suscitare pi\u00f9 quell\u2019entusiasmo che lo ha portato alla storica affermazione del 2013. Allora, Accorinti riusc\u00ec ad essere la perfetta sintesi tra le pi\u00f9 disparate (o disperate?) categorie politiche desiderose di un cambiamento radicale.<div id=\"videoincontent\" style=\"clear:both\";><\/div><\/p>\n<p style=\"text-align: justify;\">Liberi professionisti, alti docenti universitari e persone comuni, la barca dell\u2019accorintismo era davvero grande ma poco a poco ha iniziato a svuotarsi e adesso i posti liberi sono davvero tanti, ma il problema che sono davvero pochi quelli che sgomitano per salirci.<\/p>\n<p style=\"text-align: justify;\">Renato Accorinti \u00e8 in campagna elettorale, dicevamo, a conferma di ci\u00f2 \u00e8 quanto accaduto ieri mattina, con un Consiglio Comunale che chiedeva la presenza del sindaco in aula nel giorno della votazione della rimodulazione del Piano di Riequilibrio, peccato che il primo cittadino fosse poco distante da Palazzo Zanca: alla Messina Marathon.<\/p>\n<p style=\"text-align: justify;\">Ma quello che sta creando parecchi dissapori all\u2019interno del mondo accorintiano \u00e8 la polemica che ha investito il primo cittadino, circa la promessa fatta agli anziani del Circolo di Villa Dante di spendere di tasca propria i 5mila euro necessari per riparare l\u2019impianto di illuminazione.<\/p>\n<p style=\"text-align: justify;\">Tra i banchi del civico consesso c\u2019\u00e8 gi\u00e0 chi urla al voto di scambio, ma questa uscita ha creato subbuglio anche all\u2019interno del gruppo consiliare di Cambiamo Messina dal Basso.<\/p>\n<p style=\"text-align: justify;\">La capogruppo Lucy Fenech e Maurizio Rella hanno stigmatizzato il comportamento del sindaco, in una nota che non \u00e8 nient\u2019altro la punta di un iceberg fatto di malessere e di incomprensioni circa alcune scelte politiche e amministrative portate avanti negli ultimi anni. Il sindaco ha sempre detto che a fine mandato far\u00e0 chiarezza circa l\u2019utilizzo dei fondi del suo stipendio da primo cittadino, ma questo non sembra calmare le acque.<\/p>\n<p style=\"text-align: justify;\">In molti ad Accorinti rimproverano l\u2019eccessivo personalismo, una contraddizione per chi ha sempre promosso l\u2019amministrazione dal basso come slogan di questi cinque anni, per non parlare dei rapporti ormai irrimediabilmente compromessi con Indietrononsitorna, che fino a pochi mesi fa ha sempre difeso le azioni della Giunta. Rispetto alla \u201crivoluzione&#8221; di 5 anni fa, Accorinti al momento \u00e8 il capo di un popolo che non c\u2019\u00e8.<\/p>\n<p style=\"text-align: justify;\">In molti, anche all\u2019interno della Giunta, hanno anche criticato la continua lontananza di Accorinti da Messina, come confermano le continue comparsate del primo cittadino nelle reti nazionali. Secondo alcune malelingue, Accorinti nell\u2019ultimo anno avrebbe puntato su una candidatura al Senato in una delle liste di sinistra alternative al Pd, operazione che per\u00f2 non sarebbe andata buon fine.<\/p>\n<p style=\"text-align: justify;\">Questa lontananza dal territorio per\u00f2 alla lunga potrebbe risultare fatale e l\u2019improvviso interesse per villa Dante potrebbe non bastare per riempire i vuoti di una nave su cui, al momento, si sta molto larghi.<\/p>\n","protected":false},"excerpt":{"rendered":"<p>La campagna di Renato Accorinti \u00e8 gi\u00e0 iniziata, il sindaco gi\u00e0 da qualche settimana ha rotto gli indugi confermando la volont\u00e0 di ricandidarsi per tentare un nuovo assalto a Palazzo Zanca. Molte cose, per\u00f2, rispetto a cinque anni fa sono profondamente cambiate, il nome di Accorinti non sembra suscitare pi\u00f9 quell\u2019entusiasmo che lo ha portato [&hellip;]<\/p>\n","protected":false},"author":1,"featured_media":14264,"comment_status":"closed","ping_status":"open","sticky":false,"template":"","format":"standard","meta":{"ub_ctt_via":"","_mi_skip_tracking":false},"categories":[6],"tags":[],"featured_image_src":"https:\/\/www.messinaoggi.it\/website\/wp-content\/uploads\/2018\/01\/accorintiRRP_9790-1.jpg","author_info":{"display_name":"admin@admin.com","author_link":"https:\/\/www.messinaoggi.it\/website\/author\/adminadmin-com\/"},"digistream_id":0,"digistream":false,"_links":{"self":[{"href":"https:\/\/www.messinaoggi.it\/website\/wp-json\/wp\/v2\/posts\/14337"}],"collection":[{"href":"https:\/\/www.messinaoggi.it\/website\/wp-json\/wp\/v2\/posts"}],"about":[{"href":"https:\/\/www.messinaoggi.it\/website\/wp-json\/wp\/v2\/types\/post"}],"author":[{"embeddable":true,"href":"https:\/\/www.messinaoggi.it\/website\/wp-json\/wp\/v2\/users\/1"}],"replies":[{"embeddable":true,"href":"https:\/\/www.messinaoggi.it\/website\/wp-json\/wp\/v2\/comments?post=14337"}],"version-history":[{"count":0,"href":"https:\/\/www.messinaoggi.it\/website\/wp-json\/wp\/v2\/posts\/14337\/revisions"}],"wp:featuredmedia":[{"embeddable":true,"href":"https:\/\/www.messinaoggi.it\/website\/wp-json\/wp\/v2\/media\/14264"}],"wp:attachment":[{"href":"https:\/\/www.messinaoggi.it\/website\/wp-json\/wp\/v2\/media?parent=14337"}],"wp:term":[{"taxonomy":"category","embeddable":true,"href":"https:\/\/www.messinaoggi.it\/website\/wp-json\/wp\/v2\/categories?post=14337"},{"taxonomy":"post_tag","embeddable":true,"href":"https:\/\/www.messinaoggi.it\/website\/wp-json\/wp\/v2\/tags?post=14337"}],"curies":[{"name":"wp","href":"https:\/\/api.w.org\/{rel}","templated":true}]}}