{"id":143293,"date":"2023-02-23T14:47:51","date_gmt":"2023-02-23T13:47:51","guid":{"rendered":"https:\/\/www.messinaoggi.it\/website\/2023\/02\/23\/mattarella-e-von-der-leyen-inaugurano-lanno-accademico-delluniversita-di-palermo\/"},"modified":"2023-02-23T14:47:51","modified_gmt":"2023-02-23T13:47:51","slug":"mattarella-e-von-der-leyen-inaugurano-lanno-accademico-delluniversita-di-palermo","status":"publish","type":"post","link":"https:\/\/www.messinaoggi.it\/website\/2023\/02\/23\/mattarella-e-von-der-leyen-inaugurano-lanno-accademico-delluniversita-di-palermo\/","title":{"rendered":"Mattarella e Von Der Leyen inaugurano l\u2019anno accademico dell\u2019Universit\u00e0 di Palermo"},"content":{"rendered":"<div>\n<p>PALERMO (ITALPRESS) \u2013 Una cerimonia carica di aspettative, preparativi ed emozione, che si \u00e8 sciolta quando il presidente della commissione europea, Ursula von der Leyen, nell\u2019aula magna del dipartimento di Ingegneria dell\u2019Universit\u00e0 di Palermo, per l\u2019inaugurazione dell\u2019anno accademico, ha messo di lato, per un attimo, l\u2019aplomb istituzionale, lasciandosi andare ad una citazione dialettale: \u201cSiete voi a renderla Sicilia bedda. Siete l\u2019energia nascosta di quest\u2019isola e la sua bellezza pi\u00f9 profonda\u201d, ha detto, rivolgendosi a dottorandi e ai giovani tutti e suscitando un forte applauso della platea. <br \/>Si chiude cos\u00ec l\u2019intervento, molto atteso, del capo dell\u2019esecutivo dell\u2019Unione europea, alla presenza del presidente della Repubblica, Sergio Mattarella e del ministro dell\u2019Universit\u00e0 e della ricerca, Anna Maria Bernini, del sindaco Roberto Lagalla, del governatore Renato Schifani, del presidente dell\u2019Ars, Gaetano Galvagno e delle autorit\u00e0 civili e religiose. <br \/>\u201cPresidente \u2013 ha sottolineato von der Leyen \u2013 c\u2019\u00e8 una frase di suo fratello che mi ha colpita profondamente. Piersanti Mattarella era convinto che l\u2019Italia e l\u2019Europa avessero la responsabilit\u00e0 di aiutare il Mezzogiorno a trasformarsi, ma ha anche detto che \u2018Nessun progresso pu\u00f2 attecchire e durare manovrato dall\u2019alto, senza mettere in moto le energie nascoste e senza il loro entusiasm\u00f2\u201d. <br \/>Un\u2019occasione, quella di stamattina, che cade a un anno dall\u2019inizio della guerra in Ucraina. \u201cVisto dalla Sicilia, potrebbe sembrare un conflitto lontano. Ma non lo \u00e8 \u2013 ha sottolineato la presidente della commissione Ue -. I giovani ucraini condividono con voi gli stessi desideri, che sono quelli di tutti i giovani europei. Vogliono essere indipendenti e padroni del proprio futuro. Vogliono vivere liberamente in un paese democratico\u201d<br \/>Un intervento rivolto alle potenzialit\u00e0 dell\u2019Isola. \u201cLa Sicilia \u00e8 al centro dell\u2019Europa \u2013 ha ribadito con forza Ursula von der Leyen -. E\u2019 in Sicilia che si trova la chiave di tutto, per citare Goethe. Questa bella isola \u00e8 cruciale per affrontare alcune delle tematiche pi\u00f9 importanti del nostro tempo: la transizione verso l\u2019energia pulita, la migrazione e la creazione di un\u2019economia al servizio della prossima generazione europea\u201d. <br \/>\u201cLa Sicilia pu\u00f2 diventare una potenza dell\u2019energia pulita per l\u2019Europa. Non solo per il sole e il vento ma perch\u00e8 all\u2019inizio di questo mese, proprio qui in Sicilia \u00e8 iniziata la costruzione della pi\u00f9 grande gigafactory solare europea, che produrr\u00e0 una nuova generazione di pannelli solari \u2013 ha spiegato -. Il nostro piano europeo per la ripresa, NextGenerationEU, contribuisce a finanziarla. Perch\u00e8 sappiamo che l\u2019energia pulita \u00e8 il futuro. E questo futuro si realizza qui, in Sicilia\u201d. <br \/>Per quanto riguarda il tema degli immigrati, von der Leyen \u00e8 stata chiara: \u201cLa migrazione si pu\u00f2 gestire. Dobbiamo creare percorsi sicuri affinch\u00e8 chi ha diritto alla protezione possa raggiungere l\u2019Europa. Dobbiamo combattere passatori e trafficanti. Dobbiamo dialogare con i paesi partner, collaborare al rimpatrio di chi non ha diritto di restare e mettere fine a questa tragica perdita di vite umane. E dobbiamo cooperare a livello europeo. Ora che abbiamo un piano, lo dobbiamo attuare insieme. Una soluzione europea \u00e8 possibile e mi impegner\u00f2 al massimo per raggiungere l\u2019obiettivo: un sistema europeo che serva al meglio la Sicilia e tutta l\u2019Europa\u201d.<br \/>A fare il padrone di casa \u00e8 stato il rettore Massimo Midiri, in apertura della cerimonia ha detto: \u201cQuesta giornata \u00e8 dedicata al tema dello sviluppo sostenibile. In Sicilia, questo tema si arricchisce di sfumature e significati particolari e profondi. Per noi, mega Ateneo con pi\u00f9 di 40.000 studenti, questo tema richiama ad una straordinaria responsabilit\u00e0, per la crescita lo sviluppo del nostro contesto sociale, difficile e complesso, pieno di contraddizioni ma ricco di opportunit\u00e0. Abbiamo una particolare responsabilit\u00e0 nei confronti della popolazione studentesca, che, in un territorio con i pi\u00f9 bassi livelli di istruzione in Europa, \u00e8 costituita da ragazzi che in tanti casi saranno i primi laureati della loro famiglia\u201d. <br \/>Il rettore ha ammesso che \u201ci nostri studenti affrontano disagi e difficolt\u00e0 maggiori di altri, con una rete di trasporti, di servizi, di residenze universitarie le cui carenze rendono pi\u00f9 irto e accidentato il loro percorso quotidiano. Sappiamo \u2013 ha aggiunto il rettore \u2013 che a quegli studenti offriamo strutture non sempre idonee perch\u00e8, nonostante i nostri sforzi di adeguamento, anni di sotto-finanziamento del sistema dell\u2019istruzione in Italia \u2013 e soprattutto nel Mezzogiorno \u2013 hanno reso le nostre aule meno accoglienti di quanto i nostri giovani meriterebbero\u201d. <br \/>E ringraziando la presidente von der Leyen, Midiri si \u00e8 augurato che \u201cil Sud Italia sappia utilizzare i poderosi investimenti del Next Generation EU\u201d per \u201ccolmare i divari storici, sulla base di nuovi modelli economici sostenibili e proiettati verso il futuro\u201d. <br \/>Fiducia nel futuro anche nelle parole del ministro dell\u2019Universit\u00e0, Anna Maria Bernini: \u201cPresidente Von der Leyen, nei momenti pi\u00f9 difficili del suo mandato ha fatto una scelta dirompente: programmare e investire sui giovani. Nel 2022, proclamando l\u2019Anno europeo dei giovani. Nel 2023 dedicando l\u2019anno alle competenze\u201d.  <br \/>E rivolgendosi agli studenti, ha aggiunto: \u201cFinch\u00e8 avrete curiosit\u00e0 e dubbi, finch\u00e8 vi emozionerete davanti alla bellezza sarete uomini liberi. Liberi di fare scelte. Liberi di essere coraggiosi\u201d. E citando \u201cun eroe siciliano, Peppino Impastato, che credeva nella cultura sopra ogni cosa\u201d, ha concluso: \u201cBisognerebbe educare la gente alla bellezza: perch\u00e8 in uomini e donne non si insinui pi\u00f9 l\u2019abitudine e la rassegnazione ma rimangano sempre vivi la curiosit\u00e0 e lo stupore\u201d. <br \/>foto ufficio stampa Regione siciliana<br \/>(ITALPRESS).<div id=\"div-gpt-ad-Messinaoggi.it-DSK-300x250-corpoart\" style=\"text-align:center;margin:0 auto;\"><\/div><\/p>\n<\/div>\n<div id=\"videoincontent\" style=\"clear:both\";><\/div>","protected":false},"excerpt":{"rendered":"<p>PALERMO (ITALPRESS) \u2013 Una cerimonia carica di aspettative, preparativi ed emozione, che si \u00e8 sciolta quando il presidente della commissione europea, Ursula von der Leyen, nell\u2019aula magna del dipartimento di Ingegneria dell\u2019Universit\u00e0 di Palermo, per l\u2019inaugurazione dell\u2019anno accademico, ha messo di lato, per un attimo, l\u2019aplomb istituzionale, lasciandosi andare ad una citazione dialettale: \u201cSiete voi [&hellip;]<\/p>\n","protected":false},"author":18,"featured_media":143294,"comment_status":"closed","ping_status":"closed","sticky":false,"template":"","format":"standard","meta":{"ub_ctt_via":"","_mi_skip_tracking":false},"categories":[2449],"tags":[783],"featured_image_src":"https:\/\/www.messinaoggi.it\/website\/wp-content\/uploads\/2023\/02\/20230223_0961.jpg","author_info":{"display_name":"Admin","author_link":"https:\/\/www.messinaoggi.it\/website\/author\/admin\/"},"digistream_id":0,"digistream":false,"_links":{"self":[{"href":"https:\/\/www.messinaoggi.it\/website\/wp-json\/wp\/v2\/posts\/143293"}],"collection":[{"href":"https:\/\/www.messinaoggi.it\/website\/wp-json\/wp\/v2\/posts"}],"about":[{"href":"https:\/\/www.messinaoggi.it\/website\/wp-json\/wp\/v2\/types\/post"}],"author":[{"embeddable":true,"href":"https:\/\/www.messinaoggi.it\/website\/wp-json\/wp\/v2\/users\/18"}],"replies":[{"embeddable":true,"href":"https:\/\/www.messinaoggi.it\/website\/wp-json\/wp\/v2\/comments?post=143293"}],"version-history":[{"count":0,"href":"https:\/\/www.messinaoggi.it\/website\/wp-json\/wp\/v2\/posts\/143293\/revisions"}],"wp:featuredmedia":[{"embeddable":true,"href":"https:\/\/www.messinaoggi.it\/website\/wp-json\/wp\/v2\/media\/143294"}],"wp:attachment":[{"href":"https:\/\/www.messinaoggi.it\/website\/wp-json\/wp\/v2\/media?parent=143293"}],"wp:term":[{"taxonomy":"category","embeddable":true,"href":"https:\/\/www.messinaoggi.it\/website\/wp-json\/wp\/v2\/categories?post=143293"},{"taxonomy":"post_tag","embeddable":true,"href":"https:\/\/www.messinaoggi.it\/website\/wp-json\/wp\/v2\/tags?post=143293"}],"curies":[{"name":"wp","href":"https:\/\/api.w.org\/{rel}","templated":true}]}}