{"id":143250,"date":"2023-02-23T12:17:53","date_gmt":"2023-02-23T11:17:53","guid":{"rendered":"https:\/\/www.messinaoggi.it\/website\/2023\/02\/23\/von-der-leyen-sicilia-al-centro-delleuropa-ora-capisco-goethe\/"},"modified":"2023-02-23T15:54:00","modified_gmt":"2023-02-23T14:54:00","slug":"von-der-leyen-sicilia-al-centro-delleuropa-ora-capisco-goethe","status":"publish","type":"post","link":"https:\/\/www.messinaoggi.it\/website\/2023\/02\/23\/von-der-leyen-sicilia-al-centro-delleuropa-ora-capisco-goethe\/","title":{"rendered":"Von der Leyen \u201cSicilia al centro dell\u2019Europa, ora capisco Goethe\u201d"},"content":{"rendered":"<div>\n<p>PALERMO (ITALPRESS) \u2013 \u201cLa Sicilia \u00e8 sempre stata il crocevia del Mediterraneo. Un luogo in cui culture diverse si incontrano e si mescolano. E\u2019 la terra di grandiosi templi greci e scintillanti mosaici bizantini. E\u2019 una terra plasmata dai Normanni e dagli Arabi. E\u2019 la patria di menti brillanti, da Luigi Pirandello a Luca Parmitano. Questo patrimonio unico di cui \u00e8 ricca la Sicilia ha reso Palermo una capitale europea \u2013 della cultura, dell\u2019arte e della scienza. Oggi finalmente capisco le parole del mio compatriota Goethe, che ha scritto: \u2018Chi ha visto una volta il cielo di Palermo non potr\u00e0 mai pi\u00f9 dimenticarl\u00f2. Cosi il presidente della commissione europea, Ursula von der Leyen, durante il suo intervento alla cerimonia di inaugurazione dell\u2019anno accademico dell\u2019Universit\u00e0 di Palermo. <br \/>\u201cMa so che talvolta, nella vostra vita quotidiana, vi sentite lontani dal cuore dell\u2019Europa. Oggi sono qui per dirvi che la Sicilia \u00e8 al centro dell\u2019Europa. La Sicilia \u00e8 al centro del progetto europeo. Pi\u00f9 che mai. Per citare nuovamente Goethe: \u2018\u00e8 in Sicilia che si trova la chiave di tutt\u00f2. Queste parole sono vere ancor oggi. Perch\u00e8 questa bella isola \u00e8 assolutamente cruciale per affrontare alcune delle tematiche pi\u00f9 importanti del nostro tempo. Prima di tutto la transizione verso l\u2019energia pulita. In secondo luogo, la migrazione. In terzo luogo, la creazione di un\u2019economia al servizio della prossima generazione europea. Cominciamo dalla transizione verso l\u2019energia pulita\u201d.<div id=\"div-gpt-ad-Messinaoggi.it-DSK-300x250-corpoart\" style=\"text-align:center;margin:0 auto;\"><\/div><\/p>\n<p>\u2013 foto. ufficio stampa Regione Siciliana <div id=\"videoincontent\" style=\"clear:both\";><\/div><\/p>\n<p>(ITALPRESS).<\/p>\n<\/div>\n","protected":false},"excerpt":{"rendered":"<p>PALERMO (ITALPRESS) \u2013 \u201cLa Sicilia \u00e8 sempre stata il crocevia del Mediterraneo. Un luogo in cui culture diverse si incontrano e si mescolano. E\u2019 la terra di grandiosi templi greci e scintillanti mosaici bizantini. E\u2019 una terra plasmata dai Normanni e dagli Arabi. E\u2019 la patria di menti brillanti, da Luigi Pirandello a Luca Parmitano. [&hellip;]<\/p>\n","protected":false},"author":18,"featured_media":143251,"comment_status":"closed","ping_status":"closed","sticky":false,"template":"","format":"standard","meta":{"ub_ctt_via":"","_mi_skip_tracking":false},"categories":[19,2449],"tags":[783],"featured_image_src":"https:\/\/www.messinaoggi.it\/website\/wp-content\/uploads\/2023\/02\/20230223_0426.jpg","author_info":{"display_name":"Admin","author_link":"https:\/\/www.messinaoggi.it\/website\/author\/admin\/"},"digistream_id":0,"digistream":false,"_links":{"self":[{"href":"https:\/\/www.messinaoggi.it\/website\/wp-json\/wp\/v2\/posts\/143250"}],"collection":[{"href":"https:\/\/www.messinaoggi.it\/website\/wp-json\/wp\/v2\/posts"}],"about":[{"href":"https:\/\/www.messinaoggi.it\/website\/wp-json\/wp\/v2\/types\/post"}],"author":[{"embeddable":true,"href":"https:\/\/www.messinaoggi.it\/website\/wp-json\/wp\/v2\/users\/18"}],"replies":[{"embeddable":true,"href":"https:\/\/www.messinaoggi.it\/website\/wp-json\/wp\/v2\/comments?post=143250"}],"version-history":[{"count":1,"href":"https:\/\/www.messinaoggi.it\/website\/wp-json\/wp\/v2\/posts\/143250\/revisions"}],"predecessor-version":[{"id":143309,"href":"https:\/\/www.messinaoggi.it\/website\/wp-json\/wp\/v2\/posts\/143250\/revisions\/143309"}],"wp:featuredmedia":[{"embeddable":true,"href":"https:\/\/www.messinaoggi.it\/website\/wp-json\/wp\/v2\/media\/143251"}],"wp:attachment":[{"href":"https:\/\/www.messinaoggi.it\/website\/wp-json\/wp\/v2\/media?parent=143250"}],"wp:term":[{"taxonomy":"category","embeddable":true,"href":"https:\/\/www.messinaoggi.it\/website\/wp-json\/wp\/v2\/categories?post=143250"},{"taxonomy":"post_tag","embeddable":true,"href":"https:\/\/www.messinaoggi.it\/website\/wp-json\/wp\/v2\/tags?post=143250"}],"curies":[{"name":"wp","href":"https:\/\/api.w.org\/{rel}","templated":true}]}}