{"id":143215,"date":"2023-02-23T08:21:50","date_gmt":"2023-02-23T07:21:50","guid":{"rendered":"http:\/\/www.messinaoggi.it\/website\/?p=143215"},"modified":"2023-02-23T08:21:51","modified_gmt":"2023-02-23T07:21:51","slug":"laccoto-il-personale-covid-va-stabilizzato","status":"publish","type":"post","link":"https:\/\/www.messinaoggi.it\/website\/2023\/02\/23\/laccoto-il-personale-covid-va-stabilizzato\/","title":{"rendered":"Laccoto: &#8220;Il personale Covid va stabilizzato&#8221;"},"content":{"rendered":"\n<p>\u201cSul personale Covid \u00e8 opportuno che la Sicilia valuti gli effetti del decreto Milleproroghe che estende il periodo per il possesso dei requisiti utili alla stabilizzazione ad almeno 18 mesi da raggiungere entro il 31 dicembre 2024. Ed \u00e8 necessario dare la giusta attenzione alla platea dei destinatari che comprende anche il personale amministrativo\u201d. <div id=\"div-gpt-ad-Messinaoggi.it-DSK-300x250-corpoart\" style=\"text-align:center;margin:0 auto;\"><\/div><\/p>\n\n\n\n<p>Lo dice Pippo Laccoto, presidente della commissione Salute dell&#8217;Ars, a margine dei lavori di ieri.<div id=\"videoincontent\" style=\"clear:both\";><\/div><\/p>\n\n\n\n<p>Per oggi l\u2019assessore Volo ha convocato i commissari straordinari di tutte le aziende sanitarie siciliane al fine di attuare una compiuta verifica del personale precario impegnato nell\u2019emergenza Covid che, nell\u2019ottica della stabilizzazione, potrebbe essere destinato a coprire i posti vacanti. \u201cAbbiamo chiesto all\u2019assessore Volo \u2013 aggiunge il presidente della commissione Salute dell\u2019Ars \u2013 nelle more dell\u2019attivit\u00e0 di verifica del personale e in adesione alla normativa nazionale, la sospensione delle procedure dei concorsi e delle assunzioni in atto nelle Asp siciliane auspicando che si possano individuare le soluzioni, anche nell\u2019ambito dello stesso decreto Milleproroghe, per giungere alla stabilizzazione anche del personale tecnico ed informatico impegnato nell\u2019emergenza Covid\u201d. Il presidente Laccoto annuncia di aver convocato la commissione Salute gioved\u00ec 2 marzo per un\u2019analisi sulle criticit\u00e0 rilevate nel bilancio consolidato del Servizio sanitario regionale. \u201cSar\u00e0 l\u2019occasione per un necessario chiarimento \u2013 riprende Pippo Laccoto &#8211; e per comprendere la reale portata di un problema che sta creando apprensione in un settore strategico. In un momento di difficolt\u00e0 a causa della carenza di personale sanitario ed infermieristico, c\u2019\u00e8 la necessit\u00e0 di dare risposte certe sulla qualit\u00e0 dei servizi resi all\u2019utenza e sulle prospettive strutturali di pianificazione e di intervento\u201d.<\/p>\n","protected":false},"excerpt":{"rendered":"<p>\u201cSul personale Covid \u00e8 opportuno che la Sicilia valuti gli effetti del decreto Milleproroghe che estende il periodo per il possesso dei requisiti utili alla stabilizzazione ad almeno 18 mesi da raggiungere entro il 31 dicembre 2024. Ed \u00e8 necessario dare la giusta attenzione alla platea dei destinatari che comprende anche il personale amministrativo\u201d. Lo [&hellip;]<\/p>\n","protected":false},"author":2,"featured_media":47203,"comment_status":"open","ping_status":"open","sticky":false,"template":"","format":"standard","meta":{"ub_ctt_via":"","_mi_skip_tracking":false},"categories":[11],"tags":[4743,6267,113],"featured_image_src":"https:\/\/www.messinaoggi.it\/website\/wp-content\/uploads\/2020\/09\/F2EA4169-55A4-4648-A4CA-040710EDD58C.jpeg","author_info":{"display_name":"Redazione","author_link":"https:\/\/www.messinaoggi.it\/website\/author\/redazione\/"},"digistream_id":0,"digistream":false,"_links":{"self":[{"href":"https:\/\/www.messinaoggi.it\/website\/wp-json\/wp\/v2\/posts\/143215"}],"collection":[{"href":"https:\/\/www.messinaoggi.it\/website\/wp-json\/wp\/v2\/posts"}],"about":[{"href":"https:\/\/www.messinaoggi.it\/website\/wp-json\/wp\/v2\/types\/post"}],"author":[{"embeddable":true,"href":"https:\/\/www.messinaoggi.it\/website\/wp-json\/wp\/v2\/users\/2"}],"replies":[{"embeddable":true,"href":"https:\/\/www.messinaoggi.it\/website\/wp-json\/wp\/v2\/comments?post=143215"}],"version-history":[{"count":1,"href":"https:\/\/www.messinaoggi.it\/website\/wp-json\/wp\/v2\/posts\/143215\/revisions"}],"predecessor-version":[{"id":143216,"href":"https:\/\/www.messinaoggi.it\/website\/wp-json\/wp\/v2\/posts\/143215\/revisions\/143216"}],"wp:featuredmedia":[{"embeddable":true,"href":"https:\/\/www.messinaoggi.it\/website\/wp-json\/wp\/v2\/media\/47203"}],"wp:attachment":[{"href":"https:\/\/www.messinaoggi.it\/website\/wp-json\/wp\/v2\/media?parent=143215"}],"wp:term":[{"taxonomy":"category","embeddable":true,"href":"https:\/\/www.messinaoggi.it\/website\/wp-json\/wp\/v2\/categories?post=143215"},{"taxonomy":"post_tag","embeddable":true,"href":"https:\/\/www.messinaoggi.it\/website\/wp-json\/wp\/v2\/tags?post=143215"}],"curies":[{"name":"wp","href":"https:\/\/api.w.org\/{rel}","templated":true}]}}