{"id":143170,"date":"2023-02-26T20:42:17","date_gmt":"2023-02-26T19:42:17","guid":{"rendered":"http:\/\/www.messinaoggi.it\/website\/?p=143170"},"modified":"2023-02-26T20:42:18","modified_gmt":"2023-02-26T19:42:18","slug":"promozione-benedetto-granata-dice-si-alla-nuova-azzurra","status":"publish","type":"post","link":"https:\/\/www.messinaoggi.it\/website\/2023\/02\/26\/promozione-benedetto-granata-dice-si-alla-nuova-azzurra\/","title":{"rendered":"Promozione, Benedetto Granata dice &#8220;s\u00ec&#8221; alla Nuova Azzurra"},"content":{"rendered":"\n<p>Sar\u00e0 <strong>Benedetto Granata<\/strong> il nuovo allenatore dell&#8217;<strong>A.S.D. Nuova Azzurra<\/strong>, penultima in classifica nel <strong>girone C<\/strong> del campionato calcistico <strong>di Promozione<\/strong>. L&#8217;allenatore originario di S. Lucia del Mela, che dopo aver guidato i primi tre allenamenti, per via di pregressi impegni personali non si \u00e8 potuto aggregare oggi pomeriggio nella trasferta di Riposto (2-2 il risultato finale, con tanti rimpianti per la formazione barcellonese di Promozione, che per larghi tratti \u00e8 stava avanti di due reti concludendo in 9 uomini), esordir\u00e0 nel prossimo week-end in occasione della gara casalinga contro Il Catania S. Pio X. <br>&#8220;<em>Mi piacciono le sfide impossibili e comunque, secondo me, c&#8217;\u00e8 una buona squadra, tanto che gi\u00e0 si vedono le prime cose buone<\/em>&#8220;, cos\u00ec Granata motiva la scelta di assumere la guida tecnica della Nuova Azzurra, tornando in pista dopo un anno e mezzo di fermo volontario: &#8220;<em>Ho accettato subito anche perch\u00e9 da un po&#8217; non frequentavo i campi di calcio che mi sono indubbiamente mancati<\/em>&#8220;. <br>Ci sono altre 4 partite in calendario per provare a mettere in salvo la Nuova Azzurra: &#8220;<em>Ci dobbiamo credere<\/em> &#8211; suona la carica il mister luciese -.<em> La situazione non \u00e8 facile, ma abbiamo il diritto e il dovere di provarci. Com&#8217;\u00e8 mia abitudine, cercher\u00f2 di mettere a disposizione tutta la mia esperienza da allenatore e giocatore<\/em>&#8220;. <br>Una piazza, quella di Barcellona, nella quale lui ha gi\u00e0 allenato per un biennio, oltre ai trascorsi nella sua S. Lucia del Mela al timone di Pro Mende e Asd Melas. Una carriera, la sua, sempre all&#8217;insegna della seriet\u00e0 e professionalit\u00e0.<br>I suoi trascorsi da giocatore (era un centrocampista dotato di tecnica ed innata eleganza) parlano da soli:  oltre a Milazzo, al suo attivo ci sono tanti campionati soprattutto in Calabria, a livello di Serie D (Deliese, Lamezia, Rende, Paolana ), Eccellenza (vinta con la Rosarnese, poi ancora Paolana, Villese, Deliese e a Scalea dove ha perso la finale play-off), e persino in Promozione, con 3 anni a Montalto Uffugo (Cosenza) dove ha vinto la seconda serie calabrese con Sandro Cipparrone (ex giocatore del Rende tra i prof.) alla guida tecnica.<br><div id=\"div-gpt-ad-Messinaoggi.it-DSK-300x250-corpoart\" style=\"text-align:center;margin:0 auto;\"><\/div><\/p>\n<div id=\"videoincontent\" style=\"clear:both\";><\/div>","protected":false},"excerpt":{"rendered":"<p>Sar\u00e0 Benedetto Granata il nuovo allenatore dell&#8217;A.S.D. Nuova Azzurra, penultima in classifica nel girone C del campionato calcistico di Promozione. L&#8217;allenatore originario di S. Lucia del Mela, che dopo aver guidato i primi tre allenamenti, per via di pregressi impegni personali non si \u00e8 potuto aggregare oggi pomeriggio nella trasferta di Riposto (2-2 il risultato [&hellip;]<\/p>\n","protected":false},"author":9,"featured_media":36121,"comment_status":"open","ping_status":"open","sticky":false,"template":"","format":"standard","meta":{"ub_ctt_via":"","_mi_skip_tracking":false},"categories":[10,14],"tags":[],"featured_image_src":"https:\/\/www.messinaoggi.it\/website\/wp-content\/uploads\/2019\/08\/Granata-mister.jpg","author_info":{"display_name":"Roberto Santoro","author_link":"https:\/\/www.messinaoggi.it\/website\/author\/r-santoro\/"},"digistream_id":0,"digistream":false,"_links":{"self":[{"href":"https:\/\/www.messinaoggi.it\/website\/wp-json\/wp\/v2\/posts\/143170"}],"collection":[{"href":"https:\/\/www.messinaoggi.it\/website\/wp-json\/wp\/v2\/posts"}],"about":[{"href":"https:\/\/www.messinaoggi.it\/website\/wp-json\/wp\/v2\/types\/post"}],"author":[{"embeddable":true,"href":"https:\/\/www.messinaoggi.it\/website\/wp-json\/wp\/v2\/users\/9"}],"replies":[{"embeddable":true,"href":"https:\/\/www.messinaoggi.it\/website\/wp-json\/wp\/v2\/comments?post=143170"}],"version-history":[{"count":2,"href":"https:\/\/www.messinaoggi.it\/website\/wp-json\/wp\/v2\/posts\/143170\/revisions"}],"predecessor-version":[{"id":143886,"href":"https:\/\/www.messinaoggi.it\/website\/wp-json\/wp\/v2\/posts\/143170\/revisions\/143886"}],"wp:featuredmedia":[{"embeddable":true,"href":"https:\/\/www.messinaoggi.it\/website\/wp-json\/wp\/v2\/media\/36121"}],"wp:attachment":[{"href":"https:\/\/www.messinaoggi.it\/website\/wp-json\/wp\/v2\/media?parent=143170"}],"wp:term":[{"taxonomy":"category","embeddable":true,"href":"https:\/\/www.messinaoggi.it\/website\/wp-json\/wp\/v2\/categories?post=143170"},{"taxonomy":"post_tag","embeddable":true,"href":"https:\/\/www.messinaoggi.it\/website\/wp-json\/wp\/v2\/tags?post=143170"}],"curies":[{"name":"wp","href":"https:\/\/api.w.org\/{rel}","templated":true}]}}