{"id":143146,"date":"2023-02-22T17:47:53","date_gmt":"2023-02-22T16:47:53","guid":{"rendered":"https:\/\/www.messinaoggi.it\/website\/2023\/02\/22\/allabatellis-di-palermo-larte-cura-i-pazienti-con-demenza\/"},"modified":"2023-02-22T17:47:53","modified_gmt":"2023-02-22T16:47:53","slug":"allabatellis-di-palermo-larte-cura-i-pazienti-con-demenza","status":"publish","type":"post","link":"https:\/\/www.messinaoggi.it\/website\/2023\/02\/22\/allabatellis-di-palermo-larte-cura-i-pazienti-con-demenza\/","title":{"rendered":"All\u2019Abatellis di Palermo l\u2019arte \u201ccura\u201d i pazienti con demenza"},"content":{"rendered":"<div>\n<p>PALERMO (ITALPRESS) \u2013 L\u2019immersione tra i tesori artistici per migliorare la qualit\u00e0 di vita delle persone pi\u00f9 fragili: \u00e8 il progetto \u201cArte come come cura. La bellezza che ci appartiene\u201d, rivolto ai pazienti affetti da demenza e alle loro famiglie per il recupero della memoria autobiografica. I risultati sono stati illustrati a Palazzo Abatellis, a Palermo, nella Sala del Trionfo della Morte, alla presenza degli assessori regionali ai Beni culturali, Francesco Paolo Scarpinato, e alla Salute, Giovanna Volo, del commissario straordinario del Policlinico, Salvatore Iacolino, e del dirigente generale del dipartimento dei Beni culturali, Mario La Rocca.<br \/>L\u2019iniziativa \u00e8 stata realizzata grazie alla convenzione sottoscritta dalla Galleria regionale della Sicilia \u201cPalazzo Abatellis\u201d, per conto dell\u2019assessorato regionale dei Beni culturali e dell\u2019Identit\u00e0 siciliana, e dal Policlinico \u201cPaolo Giaccone\u201d di Palermo, dipartimento di Medicina integrata, diretto dal professore Mario Barbagallo.<br \/>\u201cBen vengano iniziative come questa in cui l\u2019arte si mette al servizio dei pi\u00f9 fragili \u2013 dichiara l\u2019assessore Scarpinato \u2013 favorendone processi cognitivi ed evocativi. L\u2019auspicio \u00e8 che progetti come questo possano svilupparsi anche in altri siti, in cui accanto alla normale fruizione si possa pensare ad una pi\u00f9 ampia funzione sociologica. L\u2019arte, in tutte le sue forme, si conferma un potente strumento di comunicazione\u201d.<br \/>\u201cLa cura di ogni malato passa dal miglioramento della qualit\u00e0 di vita \u2013 afferma l\u2019assessore Volo \u2013 Quindi non possiamo che rivolgere il nostro apprezzamento a tutte quelle iniziative messe in campo da istituzioni pubbliche e private, che puntano alla presa in carico globale del paziente, sia dal punto di vista fisico sia da quello psichico\u201d.<br \/>\u201cL\u2019arteterapia \u00e8 uno strumento da valorizzare. La sanit\u00e0 non \u00e8 solo farmaci e cure, ma anche sostegno al recupero psicofisico attraverso l\u2019arte \u2013 sottolinea il commissario straordinario Iacolino \u2013 Gli studi sull\u2019umanizzazione delle cure hanno evidenziato come l\u2019attenzione alle condizioni di benessere psicofisico del malato e dei suoi familiari migliori il processo di guarigione. L\u2019Azienda ospedaliera universitaria ha fatto proprio questo concetto e, dunque, supporta i progetti come quello portato avanti dalla dottoressa Flora Inzerillo e dal Centro per le demenze e il declino cognitivo del Policlinico che, attraverso l\u2019arte offre al paziente, e a chi si prende cura di lui, un modo per trasformare la propria esperienza mitigando le condizioni di stress causate dall\u2019ospedale\u201d. <br \/>Sei in tutto gli incontri tematici che si sono svolti, durante lo scorso autunno, nelle sale espositive e nell\u2019aula didattica di Palazzo Abatellis, nel corso della attivit\u00e0 museale ordinaria, curati e condotti  dalla dottoressa Flora Inzerillo, responsabile dell\u2019ambulatorio di Psicologia clinica dell\u2019Unit\u00e0 operativa complessa di Geriatria, in collaborazione con il personale tecnico della Galleria, composto sia dagli addetti alla formazione permanente che dagli addetti ai laboratori di restauro. I sei percorsi, svolti dallo staff di terapeuti, sono stati articolati ciascuno in due fasi. La prima volta a stimolare i pazienti e i caregiver alla visione partecipata delle opere d\u2019arte selezionate per ogni percorso, la successiva a carattere laboratoriale, in cui il gruppo ha esercitato attivit\u00e0 specifiche come la scrittura, la manipolazione, il disegno, in coerenza con i sei temi individuati, ossia paesaggio interiore, ritratti familiari, autoritratto, corpo, vita quotidiana, oggetti e immagini, spazio urbano.<br \/>I risultati pi\u00f9 significativi riguardano sia i caregiver sia i pazienti con demenza lieve, ma con compromissione del tono dell\u2019umore (Mild Cognitive Impairment). In coloro che si prendono cura dei malati, il progetto ha permesso di ridurre significativamente lo stato di depressione, ma anche lo stress assistenziale. Nei pazienti, invece, l\u2019intervento ha ridotto la preoccupazione per l\u2019immagine sociale e ha migliorato la qualit\u00e0 di vita e il tono dell\u2019umore, ma ha permesso anche di aumentare la capacit\u00e0 di orientamento spaziale e temporale, di registrare le parole, di esercitare il linguaggio e tenere vivi l\u2019attenzione e il ricordo.<br \/>Alla presentazione dei risultati raggiunti sono intervenuti Evelina De Castro, direttrice della Galleria regionale della Sicilia  Palazzo Abatellis; Mario Barbagallo, direttore del dipartimento di Medicina integrata dell\u2019Unit\u00e0 operativa complessa di Geriatria del Policlinico; Marco Betta, sovrintendente del Teatro Massimo di Palermo; Laura Vernuccio, responsabile del Centro per i disturbi Cognitivi e le demenze del Policlinico; Flora Inzerillo, responsabile ambulatorio di Psicologia clinica  della Unit\u00e0 operativa complessa. di Geriatria del Policinico.<br \/>Al termine dell\u2019incontro \u00e8 stato proiettato il video\u201dLa bellezza che ci appartiene\u201d.<br \/>foto ufficio stampa Regione siciliana<br \/>(ITALPRESS).<div id=\"div-gpt-ad-Messinaoggi.it-DSK-300x250-corpoart\" style=\"text-align:center;margin:0 auto;\"><\/div><\/p>\n<\/div>\n<div id=\"videoincontent\" style=\"clear:both\";><\/div>","protected":false},"excerpt":{"rendered":"<p>PALERMO (ITALPRESS) \u2013 L\u2019immersione tra i tesori artistici per migliorare la qualit\u00e0 di vita delle persone pi\u00f9 fragili: \u00e8 il progetto \u201cArte come come cura. La bellezza che ci appartiene\u201d, rivolto ai pazienti affetti da demenza e alle loro famiglie per il recupero della memoria autobiografica. I risultati sono stati illustrati a Palazzo Abatellis, a [&hellip;]<\/p>\n","protected":false},"author":18,"featured_media":143147,"comment_status":"closed","ping_status":"closed","sticky":false,"template":"","format":"standard","meta":{"ub_ctt_via":"","_mi_skip_tracking":false},"categories":[2449],"tags":[783],"featured_image_src":"https:\/\/www.messinaoggi.it\/website\/wp-content\/uploads\/2023\/02\/20230222_1819.jpg","author_info":{"display_name":"Admin","author_link":"https:\/\/www.messinaoggi.it\/website\/author\/admin\/"},"digistream_id":0,"digistream":false,"_links":{"self":[{"href":"https:\/\/www.messinaoggi.it\/website\/wp-json\/wp\/v2\/posts\/143146"}],"collection":[{"href":"https:\/\/www.messinaoggi.it\/website\/wp-json\/wp\/v2\/posts"}],"about":[{"href":"https:\/\/www.messinaoggi.it\/website\/wp-json\/wp\/v2\/types\/post"}],"author":[{"embeddable":true,"href":"https:\/\/www.messinaoggi.it\/website\/wp-json\/wp\/v2\/users\/18"}],"replies":[{"embeddable":true,"href":"https:\/\/www.messinaoggi.it\/website\/wp-json\/wp\/v2\/comments?post=143146"}],"version-history":[{"count":0,"href":"https:\/\/www.messinaoggi.it\/website\/wp-json\/wp\/v2\/posts\/143146\/revisions"}],"wp:featuredmedia":[{"embeddable":true,"href":"https:\/\/www.messinaoggi.it\/website\/wp-json\/wp\/v2\/media\/143147"}],"wp:attachment":[{"href":"https:\/\/www.messinaoggi.it\/website\/wp-json\/wp\/v2\/media?parent=143146"}],"wp:term":[{"taxonomy":"category","embeddable":true,"href":"https:\/\/www.messinaoggi.it\/website\/wp-json\/wp\/v2\/categories?post=143146"},{"taxonomy":"post_tag","embeddable":true,"href":"https:\/\/www.messinaoggi.it\/website\/wp-json\/wp\/v2\/tags?post=143146"}],"curies":[{"name":"wp","href":"https:\/\/api.w.org\/{rel}","templated":true}]}}