{"id":143075,"date":"2023-02-22T12:05:55","date_gmt":"2023-02-22T11:05:55","guid":{"rendered":"http:\/\/www.messinaoggi.it\/website\/?p=143075"},"modified":"2023-02-24T00:22:13","modified_gmt":"2023-02-23T23:22:13","slug":"brutte-notizie-per-lorenzo-catania-cosa-si-sa","status":"publish","type":"post","link":"https:\/\/www.messinaoggi.it\/website\/2023\/02\/22\/brutte-notizie-per-lorenzo-catania-cosa-si-sa\/","title":{"rendered":"Lorenzo Catania, brutte notizie per il Messina"},"content":{"rendered":"\n<p>Brutte notizie per il Messina e per la sua giovane punta, <strong>Lorenzo Catania. <\/strong><a href=\"https:\/\/acrmessina1900.it\/infortunio-lorenzo-catania\/\" data-type=\"URL\" data-id=\"https:\/\/acrmessina1900.it\/infortunio-lorenzo-catania\/\">La societ\u00e0 comunica<\/a> con una nota che, a seguito degli ulteriori accertamenti e visite specialistiche effettuate,  \u00e8 stata riscontrata per il ragazzo del &#8217;99 <strong>una lesione del legamento crociato anteriore.<\/strong> Uno dei peggiori infortuni per un calciatore, soprattutto alla sua giovane et\u00e0. <a href=\"https:\/\/www.messinaoggi.it\/website\/2023\/01\/29\/un-cinico-messina-strappa-il-pari-con-la-capolista\/\" data-type=\"URL\" data-id=\"https:\/\/www.messinaoggi.it\/website\/2023\/01\/29\/un-cinico-messina-strappa-il-pari-con-la-capolista\/\">L&#8217;infortunio era avvenuto durante la recente partita contro il Catanzaro.<\/a><div id=\"div-gpt-ad-Messinaoggi.it-DSK-300x250-corpoart\" style=\"text-align:center;margin:0 auto;\"><\/div><\/p>\n\n\n\n<p>Il giocatore, chiarisce l&#8217;Acr, nei prossimi giorni, sar\u00e0 sottoposto ad intervento di ricostruzione chirurgica. A Lorenzo Catania vanno i pi\u00f9 forti incoraggiamenti da parte del presidente <strong>Pietro Sciotto,<\/strong> della squadra e dello staff.<div id=\"videoincontent\" style=\"clear:both\";><\/div><\/p>\n\n\n\n<h3><strong>I possibili tempi di recupero<\/strong> per Lorenzo Catania<\/h3>\n\n\n\n<p><\/p>\n\n\n\n<p>Il Messina insomma dovr\u00e0 fare a meno ancora per lungo tempo di una delle sue punte pi\u00f9 prolifiche, con quattro gol all&#8217;attivo nel girone C di Lega Pro. Si tratta di un grave infortunio la cui piena ripresa dall&#8217;intervento, nell&#8217;ipotesi di una terapia pi\u00f9 lunga, \u00e8 stimata tra 6-8 mesi. In alcuni casi i tempi possono essere dimezzati. Questo dipender\u00e0 dal tipo di scelte che effettuer\u00e0 la societ\u00e0 per recuperare un giocatore che, prima dell&#8217;esplosione di <strong>Ibourahima Balde,<\/strong> \u00e8 stato fondamentale nel progetto tecnico dei biancoscudati. In ogni caso la stagione 2022\/23 sembra finita per Catania.<\/p>\n\n\n\n<p>Tutti i tifosi sono in ansia per un giovane di talento come lui, che solo due anni fa giocava in Eccellenza, nell&#8217;Accademia Pavese, e che si \u00e8 guadagnato l&#8217;attenzione di tutti e del Dg <strong>Lello Manfredi,<\/strong> a suon di gol. <\/p>\n\n\n\n<p><strong>Michele Bruno.<\/strong><\/p>\n","protected":false},"excerpt":{"rendered":"<p>Brutte notizie per il Messina e per la sua giovane punta, Lorenzo Catania. La societ\u00e0 comunica con una nota che, a seguito degli ulteriori accertamenti e visite specialistiche effettuate, \u00e8 stata riscontrata per il ragazzo del &#8217;99 una lesione del legamento crociato anteriore. Uno dei peggiori infortuni per un calciatore, soprattutto alla sua giovane et\u00e0. [&hellip;]<\/p>\n","protected":false},"author":123457,"featured_media":143085,"comment_status":"open","ping_status":"open","sticky":false,"template":"","format":"standard","meta":{"ub_ctt_via":"","_mi_skip_tracking":false},"categories":[10,9],"tags":[24,6790,6791,6743],"featured_image_src":"https:\/\/www.messinaoggi.it\/website\/wp-content\/uploads\/2023\/02\/Lorenzo-catania-e1677064342765.png","author_info":{"display_name":"Michele Bruno","author_link":"https:\/\/www.messinaoggi.it\/website\/author\/michele-bruno\/"},"digistream_id":0,"digistream":false,"_links":{"self":[{"href":"https:\/\/www.messinaoggi.it\/website\/wp-json\/wp\/v2\/posts\/143075"}],"collection":[{"href":"https:\/\/www.messinaoggi.it\/website\/wp-json\/wp\/v2\/posts"}],"about":[{"href":"https:\/\/www.messinaoggi.it\/website\/wp-json\/wp\/v2\/types\/post"}],"author":[{"embeddable":true,"href":"https:\/\/www.messinaoggi.it\/website\/wp-json\/wp\/v2\/users\/123457"}],"replies":[{"embeddable":true,"href":"https:\/\/www.messinaoggi.it\/website\/wp-json\/wp\/v2\/comments?post=143075"}],"version-history":[{"count":10,"href":"https:\/\/www.messinaoggi.it\/website\/wp-json\/wp\/v2\/posts\/143075\/revisions"}],"predecessor-version":[{"id":143384,"href":"https:\/\/www.messinaoggi.it\/website\/wp-json\/wp\/v2\/posts\/143075\/revisions\/143384"}],"wp:featuredmedia":[{"embeddable":true,"href":"https:\/\/www.messinaoggi.it\/website\/wp-json\/wp\/v2\/media\/143085"}],"wp:attachment":[{"href":"https:\/\/www.messinaoggi.it\/website\/wp-json\/wp\/v2\/media?parent=143075"}],"wp:term":[{"taxonomy":"category","embeddable":true,"href":"https:\/\/www.messinaoggi.it\/website\/wp-json\/wp\/v2\/categories?post=143075"},{"taxonomy":"post_tag","embeddable":true,"href":"https:\/\/www.messinaoggi.it\/website\/wp-json\/wp\/v2\/tags?post=143075"}],"curies":[{"name":"wp","href":"https:\/\/api.w.org\/{rel}","templated":true}]}}