{"id":143074,"date":"2023-02-22T11:45:22","date_gmt":"2023-02-22T10:45:22","guid":{"rendered":"http:\/\/www.messinaoggi.it\/website\/?p=143074"},"modified":"2023-02-22T11:45:23","modified_gmt":"2023-02-22T10:45:23","slug":"personale-118-andronico-vogliamo-incontrare-lassessore-volo","status":"publish","type":"post","link":"https:\/\/www.messinaoggi.it\/website\/2023\/02\/22\/personale-118-andronico-vogliamo-incontrare-lassessore-volo\/","title":{"rendered":"Personale 118, Andronico: &#8220;Vogliamo incontrare l&#8217;assessore Volo&#8221;"},"content":{"rendered":"\n<p>Una nuova missiva all\u2019assessore regionale alla Salute, Giovanna Volo, per denunciare le criticit\u00e0 organizzative del personale della Sues 118 nella provincia di Messina. \u00a0 <div id=\"div-gpt-ad-Messinaoggi.it-DSK-300x250-corpoart\" style=\"text-align:center;margin:0 auto;\"><\/div><\/p>\n\n\n\n<p>\u201c<em>La scrivente organizzazione sindacale in pi\u00f9 occasioni ha denunziato sia a lei, nonch\u00e9 alla VI^ Commissione Sanit\u00e0 chiedendo audizione,le gravissime criticit\u00e0 sull&#8217;organizzazione del lavoro del personale autista soccorritore della Seus 118 della Provincia di Messina. Dopo l&#8217;audizione in VI^ Commissione Sanit\u00e0, avvenuta in data 24 gennaio c.a., ci aspettavamo interventi da parte di codesto Onorevole Assessorato, al fine di ridurre o di eliminare le criticit\u00e0 denunciate che stanno purtroppo arrecando gravissimi danni psicofisici ai lavoratori<\/em>\u201d. \u00a0<div id=\"videoincontent\" style=\"clear:both\";><\/div><\/p>\n\n\n\n<p>Si legge nella missiva firmata dal segretario generale, <strong>Livio Andronico<\/strong>. \u00a0 <\/p>\n\n\n\n<p>&#8220;Come \u00e8 ben noto, il servizio svolto dal personale autista soccorritore non solo \u00e8 particolarmente delicato ma, necessita anche delle migliori condizioni psicofisiche che i lavoratori devono avere nel momento della chiamata in emergenza urgenza. E&#8217; chiaro che, nel momento in cui, un dipendente svolge mensilmente fino a circa 200 ore mensili di attivit\u00e0 lavorativa, le sue condizioni possono anche non essere di piena efficienza a causa dei notevoli carichi di lavoro,nello svolgimento del servizio,mettendo a repentaglio non solo la propria incolumit\u00e0 fisica ma, anche quella dei pazienti trasportati e dell&#8217;intera equipe. Ci chiediamo,per quale motivo non vengono utilizzati tutti gli autisti soccorritori nello svolgimento del servizio di emergenza urgenza? Salvaguardando gli inidonei ,gli altri a nostro avviso debbono essere utilizzati nelle mansioni della qualifica rivestita. Inoltre, gli autisti soccorritori continuano a lavorare oltre il tetto massimo delle quarantotto ore settimanali,non vi \u00e8 una equa distribuzione dei turni festivi,non viene rispettata una regolare turnazione,insiste un vero caos nell&#8217;assegnazione delle ferie che vengono prima assegnate d&#8217;ufficio e poi revocate e tanto altro ancora. Pertanto,al fine di risolvere le problematiche su esposte, si chiede alla un urgente incontro alla presenza dei responsabili della Seus 118\u201d. \u00a0 <\/p>\n\n\n\n<p>Conclude la nota sindacale.<\/p>\n","protected":false},"excerpt":{"rendered":"<p>Una nuova missiva all\u2019assessore regionale alla Salute, Giovanna Volo, per denunciare le criticit\u00e0 organizzative del personale della Sues 118 nella provincia di Messina. \u00a0 \u201cLa scrivente organizzazione sindacale in pi\u00f9 occasioni ha denunziato sia a lei, nonch\u00e9 alla VI^ Commissione Sanit\u00e0 chiedendo audizione,le gravissime criticit\u00e0 sull&#8217;organizzazione del lavoro del personale autista soccorritore della Seus 118 [&hellip;]<\/p>\n","protected":false},"author":2,"featured_media":119549,"comment_status":"open","ping_status":"open","sticky":false,"template":"","format":"standard","meta":{"ub_ctt_via":"","_mi_skip_tracking":false},"categories":[6],"tags":[39,5670,5526,2462,115],"featured_image_src":"https:\/\/www.messinaoggi.it\/website\/wp-content\/uploads\/2022\/08\/0.jpg","author_info":{"display_name":"Redazione","author_link":"https:\/\/www.messinaoggi.it\/website\/author\/redazione\/"},"digistream_id":0,"digistream":false,"_links":{"self":[{"href":"https:\/\/www.messinaoggi.it\/website\/wp-json\/wp\/v2\/posts\/143074"}],"collection":[{"href":"https:\/\/www.messinaoggi.it\/website\/wp-json\/wp\/v2\/posts"}],"about":[{"href":"https:\/\/www.messinaoggi.it\/website\/wp-json\/wp\/v2\/types\/post"}],"author":[{"embeddable":true,"href":"https:\/\/www.messinaoggi.it\/website\/wp-json\/wp\/v2\/users\/2"}],"replies":[{"embeddable":true,"href":"https:\/\/www.messinaoggi.it\/website\/wp-json\/wp\/v2\/comments?post=143074"}],"version-history":[{"count":1,"href":"https:\/\/www.messinaoggi.it\/website\/wp-json\/wp\/v2\/posts\/143074\/revisions"}],"predecessor-version":[{"id":143076,"href":"https:\/\/www.messinaoggi.it\/website\/wp-json\/wp\/v2\/posts\/143074\/revisions\/143076"}],"wp:featuredmedia":[{"embeddable":true,"href":"https:\/\/www.messinaoggi.it\/website\/wp-json\/wp\/v2\/media\/119549"}],"wp:attachment":[{"href":"https:\/\/www.messinaoggi.it\/website\/wp-json\/wp\/v2\/media?parent=143074"}],"wp:term":[{"taxonomy":"category","embeddable":true,"href":"https:\/\/www.messinaoggi.it\/website\/wp-json\/wp\/v2\/categories?post=143074"},{"taxonomy":"post_tag","embeddable":true,"href":"https:\/\/www.messinaoggi.it\/website\/wp-json\/wp\/v2\/tags?post=143074"}],"curies":[{"name":"wp","href":"https:\/\/api.w.org\/{rel}","templated":true}]}}