{"id":143066,"date":"2023-02-22T10:57:40","date_gmt":"2023-02-22T09:57:40","guid":{"rendered":"http:\/\/www.messinaoggi.it\/website\/?p=143066"},"modified":"2023-02-22T10:57:41","modified_gmt":"2023-02-22T09:57:41","slug":"isola-pedonale-si-cambia-ancora-tanto-paga-pantalone","status":"publish","type":"post","link":"https:\/\/www.messinaoggi.it\/website\/2023\/02\/22\/isola-pedonale-si-cambia-ancora-tanto-paga-pantalone\/","title":{"rendered":"Isola pedonale: si cambia ancora, tanto paga Pantalone"},"content":{"rendered":"\n<p>Dai 2 km di isola pedonale, ad una piccola isola a tempo (solo sabato e domenica). Dagli annunci roboanti dello scorso inizio dicembre, all&#8217;ennesima marcia indietro di Palazzo Zanca.<div id=\"div-gpt-ad-Messinaoggi.it-DSK-300x250-corpoart\" style=\"text-align:center;margin:0 auto;\"><\/div><\/p>\n\n\n\n<figure class=\"wp-block-image size-large\"><img loading=\"lazy\" width=\"4032\" height=\"3024\" src=\"http:\/\/www.messinaoggi.it\/website\/wp-content\/uploads\/2018\/11\/9C339D25-F093-4D87-9EE5-9BF9F12C6E5B.jpeg\" alt=\"\" class=\"wp-image-27039\"\/><figcaption><strong>Viale San Martino con le auto posteggiate in divieto<\/strong><\/figcaption><\/figure>\n\n\n\n<p>Manca l&#8217;ufficialit\u00e0 perch\u00e9 \u00e8 necessaria una delibera di giunta, ma \u00e8 certo che su viale San Martino l&#8217;area pedonale sar\u00e0 compressa, ovvero Palazzo Zanca ha accolto la richiesta del Comitato (spalleggiato dalle solite organizzazioni di categoria), che ha dettato anche i tempi. Isola pedonale solo dalle 20 del venerd\u00ec e fino alle 24 della domenica.<div id=\"videoincontent\" style=\"clear:both\";><\/div><\/p>\n\n\n\n<p>E l&#8217;assessore <strong>Salvatore Mondello<\/strong> ha dato il via libera. La palla comunque passer\u00e0 alla giunta municipale che dovr\u00e0 votare l&#8217;ennesimo passo indietro. <\/p>\n\n\n\n<p>Messina \u00e8 quindi destinata a non avere un&#8217;isola pedonale di senso compiuto e il dibattito va avanti ininterrottamente dal 2013, quando l&#8217;allora sindaco <strong>Renato Accorinti<\/strong> propose il progetto &#8220;rivoluzionario&#8221; di pedonalizzazione del centro. Progetto poi miseramente fallito. Tutti i progetti successivi sono saltati per aria perch\u00e9 nessuna delle amministrazione \u00e8 stata in grado di proporre un progetto sostenibile.<\/p>\n\n\n\n<p>La riapertura di viale San Martino dal luned\u00ec al venerd\u00ec comporter\u00e0 un impegno straordinario per i vigili urbani e il personale del Comune che dovranno provvedere e vigilare ogni settimana alla collocazione delle transenne in tutte le perpendicolari interessate. A ci\u00f2 si aggiunga la presenza rafforzata di &#8220;caschi bianchi&#8221; che dovranno vigiliare a che il viale sia un&#8217;arteria si scorrimento e non un lungo posteggio come accaduto fino ad oggi. <\/p>\n\n\n\n<p>E chi paga? Visto che ci siamo lasciati alle spalle il Carnevale non \u00e8 azzardato affermato dire: &#8220;Pantalone&#8221;.<\/p>\n\n\n\n<p>Un&#8217;ultima notazione riguarda i parcheggi di viale Europa, la cui realizzazione a detta degli amministratori avrebbe dovuto essere funzionale alla &#8220;megagalattica&#8221; isola pedonale di viale San Martino.<\/p>\n","protected":false},"excerpt":{"rendered":"<p>Dai 2 km di isola pedonale, ad una piccola isola a tempo (solo sabato e domenica). Dagli annunci roboanti dello scorso inizio dicembre, all&#8217;ennesima marcia indietro di Palazzo Zanca. Manca l&#8217;ufficialit\u00e0 perch\u00e9 \u00e8 necessaria una delibera di giunta, ma \u00e8 certo che su viale San Martino l&#8217;area pedonale sar\u00e0 compressa, ovvero Palazzo Zanca ha accolto [&hellip;]<\/p>\n","protected":false},"author":2,"featured_media":21230,"comment_status":"open","ping_status":"open","sticky":false,"template":"","format":"standard","meta":{"ub_ctt_via":"","_mi_skip_tracking":false},"categories":[19],"tags":[2036,2406,79],"featured_image_src":"https:\/\/www.messinaoggi.it\/website\/wp-content\/uploads\/2018\/06\/mondello-1.jpg","author_info":{"display_name":"Redazione","author_link":"https:\/\/www.messinaoggi.it\/website\/author\/redazione\/"},"digistream_id":0,"digistream":false,"_links":{"self":[{"href":"https:\/\/www.messinaoggi.it\/website\/wp-json\/wp\/v2\/posts\/143066"}],"collection":[{"href":"https:\/\/www.messinaoggi.it\/website\/wp-json\/wp\/v2\/posts"}],"about":[{"href":"https:\/\/www.messinaoggi.it\/website\/wp-json\/wp\/v2\/types\/post"}],"author":[{"embeddable":true,"href":"https:\/\/www.messinaoggi.it\/website\/wp-json\/wp\/v2\/users\/2"}],"replies":[{"embeddable":true,"href":"https:\/\/www.messinaoggi.it\/website\/wp-json\/wp\/v2\/comments?post=143066"}],"version-history":[{"count":1,"href":"https:\/\/www.messinaoggi.it\/website\/wp-json\/wp\/v2\/posts\/143066\/revisions"}],"predecessor-version":[{"id":143067,"href":"https:\/\/www.messinaoggi.it\/website\/wp-json\/wp\/v2\/posts\/143066\/revisions\/143067"}],"wp:featuredmedia":[{"embeddable":true,"href":"https:\/\/www.messinaoggi.it\/website\/wp-json\/wp\/v2\/media\/21230"}],"wp:attachment":[{"href":"https:\/\/www.messinaoggi.it\/website\/wp-json\/wp\/v2\/media?parent=143066"}],"wp:term":[{"taxonomy":"category","embeddable":true,"href":"https:\/\/www.messinaoggi.it\/website\/wp-json\/wp\/v2\/categories?post=143066"},{"taxonomy":"post_tag","embeddable":true,"href":"https:\/\/www.messinaoggi.it\/website\/wp-json\/wp\/v2\/tags?post=143066"}],"curies":[{"name":"wp","href":"https:\/\/api.w.org\/{rel}","templated":true}]}}