{"id":142977,"date":"2023-02-21T14:32:50","date_gmt":"2023-02-21T13:32:50","guid":{"rendered":"https:\/\/www.messinaoggi.it\/website\/2023\/02\/21\/a-palermo-rettori-e-delegati-di-9-universita-europee-inaugurano-il-progetto-forthem\/"},"modified":"2023-02-21T14:32:50","modified_gmt":"2023-02-21T13:32:50","slug":"a-palermo-rettori-e-delegati-di-9-universita-europee-inaugurano-il-progetto-forthem","status":"publish","type":"post","link":"https:\/\/www.messinaoggi.it\/website\/2023\/02\/21\/a-palermo-rettori-e-delegati-di-9-universita-europee-inaugurano-il-progetto-forthem\/","title":{"rendered":"A Palermo rettori e delegati di 9 Universit\u00e0 europee inaugurano il progetto Forthem"},"content":{"rendered":"<div>\n<p>PALERMO (ITALPRESS) \u2013 Rettori e delegati di nove universit\u00e0 inaugurano a Palermo il nuovo progetto quadriennale dell\u2019Alleanza Europea FORTHEM finanziato dall\u2019Unione Europea.<br \/>\nSono partiti nella sala magna dello Steri, sede del Rettorato dell\u2019Universit\u00e0 di Palermo, i lavori del progetto FORTHEM rifinanziato per ulteriori 4 anni, estendibili a 6, nell\u2019ambito del programma Erasmus+ con una dotazione di oltre 14 milioni di euro.<br \/>\nIl meeting, che si svolger\u00e0 sino a gioved\u00ec 23 febbraio alla presenza di oltre 100 delegati di nove Universit\u00e0 europee, coinvolge la governance, il corpo docente, gli uffici relazioni internazionali dell\u2019universit\u00e0 e la rappresentanza studentesca di UniPa e degli altri Atenei partner.<br \/>\nA dare il kick-off del progetto il rettore dell\u2019Universit\u00e0 di Palermo, Massimo Midiri, che commenta: \u201cUniPa \u00e8 stato il primo Ateneo del Sud Italia a far parte di una grande Alleanza Europea. Siamo particolarmente orgogliosi di ospitare il meeting di avvio del nuovo progetto FORTHEM in una settimana particolarmente importante per la nostra connotazione di Universit\u00e0 moderna, aperta al mondo, sempre pi\u00f9 europea, che culminer\u00e0 con la cerimonia di inaugurazione dell\u2019Anno Accademico alla presenza della Presidente della Commissione europea, Ursula von der Leyen, del Presidente della Repubblica e del Ministro dell\u2019Universit\u00e0 e della Ricerca Anna Maria Bernini\u201d.<br \/>\nFORTHEM punta a mettere insieme le competenze del consorzio per costituire un mega Ateneo Europeo. Oltre a Palermo, le universit\u00e0 che costituiscono FORTHEM hanno sede a Dijon (Francia), Valencia (Spagna), Mainz (Germania), Riga (Lettonia), Opole (Polonia), Jyvaskyla (Finlandia), Adger (Norvegia) e Sibiu (Romania).<br \/>\nL\u2019azione \u201cEuropean Universities\u201d \u00e8 stata lanciata dalla Commissione Europea nel 2019 con l\u2019obiettivo di formare studenti e cittadini autenticamente europei, multilingue e culturalmente aperti al mondo. I progetti di \u201cEuropean Universities\u201d solitamente coinvolgono non soltanto le universit\u00e0 ma anche stakeholder esterni, imprese, autorit\u00e0 governative, scuole e cittadini, puntando a una riforma complessiva del sistema di \u201chigher education\u201d che sia pi\u00f9 rispondente alle attuali esigenze della UE.<br \/>\n\u201cE\u2019 un\u2019occasione unica per rendere la nostra Universit\u00e0 sempre pi\u00f9 integrata con prestigiosi Atenei europei \u2013 aggiunge il Prorettore alla Didattica e alla Internazionalizzazione, Fabio Mazzola \u2013 Riteniamo che il progetto possa rappresentare uno straordinario veicolo di grande accelerazione per la evoluzione e trasformazione di UniPa, ponendo i nostri studenti, il nostro corpo docente e il nostro staff amministrativo in una prospettiva sempre pi\u00f9 europea, non solo attraverso i programmi di mobilit\u00e0 ma anche acquisendo best practice e contribuendo alla loro diffusione nel nostro contesto\u201d.<br \/>\nLa costituzione di Alleanze europee, \u00e8 stato sottolineato, risulta essere attualmente la forma di cooperazione internazionale pi\u00f9 complessa dell\u2019intero programma Erasmus+ richiedendo ai partner del consorzio una strategia congiunta di lungo termine orientata alla creazione di campus Europei multidisciplinari in cui tutti gli studenti, i docenti e lo staff delle universit\u00e0 aderenti al consorzio possano accedere all\u2019offerta degli altri partner.<br \/>\nLe novit\u00e0 introdotte da queste forme di cooperazione, \u00e8 stato spiegato, non si limitano agli obiettivi, ma attengono anche alle metodologie di sviluppo degli output di progetto che prediligono percorsi bottom up e multidisciplinari, che consentano a studenti, docenti e staff di rivestire un ruolo da protagonisti e che mettano al centro le forme di pedagogia innovativa e il life long learning.<br \/>\nLa mission dell\u2019Alleanza FORTHEM \u00e8 fortemente orientata all\u2019internazionalizzazione degli Atenei nel loro complesso e coinvolge anche i contesti economico-sociali in cui tali atenei operano. Si punta a superare l\u2019idea di \u201cprogetto di cooperazione\u201d per approdare a strategie di riforma strutturale che affidano agli atenei il ruolo di promotore di politiche innovative e transnazionali.<br \/>\nTutte le universit\u00e0 aderenti sono saldamente radicate nel tessuto sociale ed economico delle rispettive regioni europee, agiscono come motori di internazionalizzazione e innovazione, alcune interconnesse da strutture politiche come i gemellaggi tra citt\u00e0 e i partenariati regionali.<br \/>\nFORTHEM, come \u00e8 stato evidenziato, ha gi\u00e0 raggiunto importanti risultati nei primi tre anni di attivit\u00e0, tra i quali la creazione della piattaforma Digital Academy, coordinata proprio dall\u2019Ateneo di Palermo, l\u2019avvio di programmi di mobilit\u00e0 innovativa tra le universit\u00e0 partecipanti, la promozione di internship internazionali.<br \/>\n\u201cL\u2019evento che si sta svolgendo in questi giorni ad UniPa \u2013 conclude Mazzola \u2013 dar\u00e0 il via alle attivit\u00e0 del nuovo periodo di finanziamento, che si pone obiettivi ancora pi\u00f9 ambiziosi, capaci di offrire agli studenti un\u2019offerta formativa che sia davvero internazionale, multiculturale e sempre pi\u00f9 innovativa e digitale\u201d.<br \/>\nfoto ufficio stampa Universit\u00e0 Palermo<br \/>\n(ITALPRESS).<div id=\"div-gpt-ad-Messinaoggi.it-DSK-300x250-corpoart\" style=\"text-align:center;margin:0 auto;\"><\/div><\/p>\n<\/div>\n<div id=\"videoincontent\" style=\"clear:both\";><\/div>","protected":false},"excerpt":{"rendered":"<p>PALERMO (ITALPRESS) \u2013 Rettori e delegati di nove universit\u00e0 inaugurano a Palermo il nuovo progetto quadriennale dell\u2019Alleanza Europea FORTHEM finanziato dall\u2019Unione Europea. Sono partiti nella sala magna dello Steri, sede del Rettorato dell\u2019Universit\u00e0 di Palermo, i lavori del progetto FORTHEM rifinanziato per ulteriori 4 anni, estendibili a 6, nell\u2019ambito del programma Erasmus+ con una dotazione [&hellip;]<\/p>\n","protected":false},"author":18,"featured_media":142978,"comment_status":"closed","ping_status":"closed","sticky":false,"template":"","format":"standard","meta":{"ub_ctt_via":"","_mi_skip_tracking":false},"categories":[2449],"tags":[783],"featured_image_src":"https:\/\/www.messinaoggi.it\/website\/wp-content\/uploads\/2023\/02\/20230221_0686.jpg","author_info":{"display_name":"Admin","author_link":"https:\/\/www.messinaoggi.it\/website\/author\/admin\/"},"digistream_id":0,"digistream":false,"_links":{"self":[{"href":"https:\/\/www.messinaoggi.it\/website\/wp-json\/wp\/v2\/posts\/142977"}],"collection":[{"href":"https:\/\/www.messinaoggi.it\/website\/wp-json\/wp\/v2\/posts"}],"about":[{"href":"https:\/\/www.messinaoggi.it\/website\/wp-json\/wp\/v2\/types\/post"}],"author":[{"embeddable":true,"href":"https:\/\/www.messinaoggi.it\/website\/wp-json\/wp\/v2\/users\/18"}],"replies":[{"embeddable":true,"href":"https:\/\/www.messinaoggi.it\/website\/wp-json\/wp\/v2\/comments?post=142977"}],"version-history":[{"count":0,"href":"https:\/\/www.messinaoggi.it\/website\/wp-json\/wp\/v2\/posts\/142977\/revisions"}],"wp:featuredmedia":[{"embeddable":true,"href":"https:\/\/www.messinaoggi.it\/website\/wp-json\/wp\/v2\/media\/142978"}],"wp:attachment":[{"href":"https:\/\/www.messinaoggi.it\/website\/wp-json\/wp\/v2\/media?parent=142977"}],"wp:term":[{"taxonomy":"category","embeddable":true,"href":"https:\/\/www.messinaoggi.it\/website\/wp-json\/wp\/v2\/categories?post=142977"},{"taxonomy":"post_tag","embeddable":true,"href":"https:\/\/www.messinaoggi.it\/website\/wp-json\/wp\/v2\/tags?post=142977"}],"curies":[{"name":"wp","href":"https:\/\/api.w.org\/{rel}","templated":true}]}}