{"id":142946,"date":"2023-02-21T10:37:16","date_gmt":"2023-02-21T09:37:16","guid":{"rendered":"http:\/\/www.messinaoggi.it\/website\/?p=142946"},"modified":"2023-02-21T16:59:25","modified_gmt":"2023-02-21T15:59:25","slug":"leanza-pd-rinuncio-allaumento-dellindennita","status":"publish","type":"post","link":"https:\/\/www.messinaoggi.it\/website\/2023\/02\/21\/leanza-pd-rinuncio-allaumento-dellindennita\/","title":{"rendered":"Leanza (Pd): &#8220;Rinuncio all&#8217;aumento dell&#8217;indennit\u00e0&#8221;"},"content":{"rendered":"\n<p>\u201cHo presentato formale rinuncia scritta in relazione all\u2019adeguamento Istat che ha fatto scattare l\u2019aumento delle indennit\u00e0 di carica per noi deputati all\u2019Ars. La mia richiesta \u00e8 stata inviata, la scorsa settimana, al segretario generale dell\u2019Assemblea regionale siciliana e al direttore del Servizio di ragioneria di Palazzo dei Normanni\u201d. <div id=\"div-gpt-ad-Messinaoggi.it-DSK-300x250-corpoart\" style=\"text-align:center;margin:0 auto;\"><\/div><\/p>\n\n\n\n<p>Lo specifica\u00a0<strong>Calogero Leanza<\/strong>, vicepresidente della Commissione Sanit\u00e0 dell\u2019Ars e parlamentare regionale del Partito democratico.\u00a0<div id=\"videoincontent\" style=\"clear:both\";><\/div><\/p>\n\n\n\n<p>\u201cCondivido pienamente la questione sollevata dal Gruppo al quale appartengo, riguardo il problema di metodo e di merito con il quale \u00e8 stato fatto passare tale adeguamento\u201d, aggiunge l\u2019onorevole messinese. Al momento, per\u00f2, \u00e8 nota l\u2019impossibilit\u00e0 di rinunciare materialmente all\u2019accredito; pertanto, ho gi\u00e0 stabilito di devolvere l\u2019intero importo per sostenere azioni di solidariet\u00e0 nella mia citt\u00e0. Per ragioni di sensibilit\u00e0 personale \u2013 conclude Leanza &#8211; reputo che la beneficenza sia azione da compiere in silenzio e senza troppa pubblicit\u00e0, quindi non ufficializzer\u00f2 i beneficiari del contributo\u201d.<\/p>\n","protected":false},"excerpt":{"rendered":"<p>\u201cHo presentato formale rinuncia scritta in relazione all\u2019adeguamento Istat che ha fatto scattare l\u2019aumento delle indennit\u00e0 di carica per noi deputati all\u2019Ars. La mia richiesta \u00e8 stata inviata, la scorsa settimana, al segretario generale dell\u2019Assemblea regionale siciliana e al direttore del Servizio di ragioneria di Palazzo dei Normanni\u201d. Lo specifica\u00a0Calogero Leanza, vicepresidente della Commissione Sanit\u00e0 [&hellip;]<\/p>\n","protected":false},"author":2,"featured_media":135066,"comment_status":"open","ping_status":"open","sticky":false,"template":"","format":"standard","meta":{"ub_ctt_via":"","_mi_skip_tracking":false},"categories":[6],"tags":[6777,3300,6778],"featured_image_src":"https:\/\/www.messinaoggi.it\/website\/wp-content\/uploads\/2022\/12\/Leanza-3.jpg","author_info":{"display_name":"Redazione","author_link":"https:\/\/www.messinaoggi.it\/website\/author\/redazione\/"},"digistream_id":0,"digistream":false,"_links":{"self":[{"href":"https:\/\/www.messinaoggi.it\/website\/wp-json\/wp\/v2\/posts\/142946"}],"collection":[{"href":"https:\/\/www.messinaoggi.it\/website\/wp-json\/wp\/v2\/posts"}],"about":[{"href":"https:\/\/www.messinaoggi.it\/website\/wp-json\/wp\/v2\/types\/post"}],"author":[{"embeddable":true,"href":"https:\/\/www.messinaoggi.it\/website\/wp-json\/wp\/v2\/users\/2"}],"replies":[{"embeddable":true,"href":"https:\/\/www.messinaoggi.it\/website\/wp-json\/wp\/v2\/comments?post=142946"}],"version-history":[{"count":1,"href":"https:\/\/www.messinaoggi.it\/website\/wp-json\/wp\/v2\/posts\/142946\/revisions"}],"predecessor-version":[{"id":142947,"href":"https:\/\/www.messinaoggi.it\/website\/wp-json\/wp\/v2\/posts\/142946\/revisions\/142947"}],"wp:featuredmedia":[{"embeddable":true,"href":"https:\/\/www.messinaoggi.it\/website\/wp-json\/wp\/v2\/media\/135066"}],"wp:attachment":[{"href":"https:\/\/www.messinaoggi.it\/website\/wp-json\/wp\/v2\/media?parent=142946"}],"wp:term":[{"taxonomy":"category","embeddable":true,"href":"https:\/\/www.messinaoggi.it\/website\/wp-json\/wp\/v2\/categories?post=142946"},{"taxonomy":"post_tag","embeddable":true,"href":"https:\/\/www.messinaoggi.it\/website\/wp-json\/wp\/v2\/tags?post=142946"}],"curies":[{"name":"wp","href":"https:\/\/api.w.org\/{rel}","templated":true}]}}