{"id":142919,"date":"2023-02-21T09:44:01","date_gmt":"2023-02-21T08:44:01","guid":{"rendered":"http:\/\/www.messinaoggi.it\/website\/?p=142919"},"modified":"2023-02-21T09:44:02","modified_gmt":"2023-02-21T08:44:02","slug":"migrazione-bartolo-parla-agli-studenti-del-fermi","status":"publish","type":"post","link":"https:\/\/www.messinaoggi.it\/website\/2023\/02\/21\/migrazione-bartolo-parla-agli-studenti-del-fermi\/","title":{"rendered":"Migrazione, Bartolo parla agli studenti del Fermi"},"content":{"rendered":"\n<p>Si \u00e8 parlato di  migrazione con l&#8217;europarlamentare Pietro Bartolo,  nell&#8217;ambito del \u201c<strong>Progetto Legalit\u00e0 2022\/23\u201d<\/strong>\u00a0della scuola secondaria di primo grado \u201cE. Fermi\u201d di\u00a0<strong>San Filippo del Mela.<\/strong><div id=\"div-gpt-ad-Messinaoggi.it-DSK-300x250-corpoart\" style=\"text-align:center;margin:0 auto;\"><\/div><\/p>\n\n\n\n<p>L\u2019argomento, di grande attualit\u00e0, \u00e8 stato oggetto di discussione e confronto nel corso di un partecipato incontro che ha avuto luogo sabato 18 febbraio presso il palazzetto dello sport \u201cPeppino Cocuzza\u201d. Ospite d\u2019onore <strong>l\u2019on. Pietro Bartolo<\/strong>, europarlamentare, noto per le sue battaglie in favore dell\u2019accoglienza dei migranti. Medico di Lampedusa dal 1991, Bartolo ha dedicato una buona parte della sua vita a curare ed accogliere le persone che sbarcavano sull\u2019isola, riuscendo a portare la sua \u201cbattaglia per l\u2019accoglienza e la legalit\u00e0\u201d anche in altre sedi, quali quelle istituzionali europee.<div id=\"videoincontent\" style=\"clear:both\";><\/div><\/p>\n\n\n\n<p>Accolto dagli studenti, che hanno suonato dal vivo e cantato l\u2019inno d\u2019Italia, il medico e parlamentare ha raccontato loro le vicissitudini, i drammi, le speranze dei protagonisti nei cosiddetti \u201cviaggi della speranza\u201d: donne, bambini, uomini che, per disperazione e non senza dolore lasciano il proprio paese di origine alla ricerca di una vita dignitosa. Si scappa per evitare gli stenti e la morte. \u201c<em>Parlo a voi giovani perch\u00e8 lo ritengo importante<\/em> \u2013 ha dichiarato <strong>Bartolo<\/strong> a margine della manifestazione &#8211;  <em>Quando penso di non farcela chiedo aiuto a Dio, affinch\u00e8 mi dia lui le risposte che cerco. Non possiamo permettere la morte, l\u2019Europa deve a queste persone  rispetto e amore. Lo deve loro la politica, quella vera, quella buona<\/em>\u201d.<\/p>\n\n\n\n<p>Toccanti anche le testimonianze di alcuni migranti che hanno preso parte all\u2019incontro.<\/p>\n\n\n\n<p>Numerose, inoltre, le domande che i ragazzi hanno posto all\u2019onorevole Bartolo, alle quali ha risposto con coinvolgimento, dopo aver ascoltato i loro interventi e guardato con interesse i lavori preparati nel corso dell\u2019anno scolastico.<\/p>\n\n\n\n<p>Presenti all\u2019evento la dirigente dell\u2019I.C. San Filippo del Mela, professoressa <strong>Vera Calderone<\/strong>, il sindaco di San Filippo del Mela, <strong>Gianni Pino<\/strong>, Il Ten. <strong>Simone<\/strong> <strong>Ruggeri<\/strong>, comandante della Sez. Operativa Aeronavale della Guardia di Finanza di Milazzo, il vescovo ausiliario di Messina, S.E. Mons. <strong>Cesare Di Pietro<\/strong>.<\/p>\n\n\n\n<p> <em>\u201c<\/em><em>Sono lieta ed emozionata di condividere con voi questa esperienza<\/em>\u201d \u2013 ha dichiarato la dirigente <strong>Calderone,<\/strong> sottolineando come momenti come questi rappresentino tappe fondamentali per l\u2019educazione dei giovani.<\/p>\n\n\n\n<p>\u201c<em>Il tema della migrazione<\/em> \u2013 ha detto invece la prof. <strong>Nunzia Bonica<\/strong>, referente del progetto legalit\u00e0 22-23 <em>&#8211;  \u00e8 in questi giorni di grande attualit\u00e0, ponendosi al centro del dibattito che anima i rappresentanti dei governi dell\u2019Unione Europea, e, pertanto, merita di essere esaminato,  raccogliendo anche le testimonianze non solo di coloro che, tra i fortunati, sono riusciti ad approdare in quel porto che funge da avamposto e che \u00e8 l\u2019isola di Lampedusa, ma anche di chi, per lunghi anni, ha vissuto in prima persona, per il ruolo ricoperto, la primissima accoglienza dei migranti.<\/em>\u201d<\/p>\n","protected":false},"excerpt":{"rendered":"<p>Si \u00e8 parlato di migrazione con l&#8217;europarlamentare Pietro Bartolo, nell&#8217;ambito del \u201cProgetto Legalit\u00e0 2022\/23\u201d\u00a0della scuola secondaria di primo grado \u201cE. Fermi\u201d di\u00a0San Filippo del Mela. L\u2019argomento, di grande attualit\u00e0, \u00e8 stato oggetto di discussione e confronto nel corso di un partecipato incontro che ha avuto luogo sabato 18 febbraio presso il palazzetto dello sport \u201cPeppino [&hellip;]<\/p>\n","protected":false},"author":2,"featured_media":142924,"comment_status":"open","ping_status":"open","sticky":false,"template":"","format":"standard","meta":{"ub_ctt_via":"","_mi_skip_tracking":false},"categories":[13,14],"tags":[6771,6770,1505],"featured_image_src":"https:\/\/www.messinaoggi.it\/website\/wp-content\/uploads\/2023\/02\/BARTOLO-AL-PALAZZETTO.jpg","author_info":{"display_name":"Redazione","author_link":"https:\/\/www.messinaoggi.it\/website\/author\/redazione\/"},"digistream_id":0,"digistream":false,"_links":{"self":[{"href":"https:\/\/www.messinaoggi.it\/website\/wp-json\/wp\/v2\/posts\/142919"}],"collection":[{"href":"https:\/\/www.messinaoggi.it\/website\/wp-json\/wp\/v2\/posts"}],"about":[{"href":"https:\/\/www.messinaoggi.it\/website\/wp-json\/wp\/v2\/types\/post"}],"author":[{"embeddable":true,"href":"https:\/\/www.messinaoggi.it\/website\/wp-json\/wp\/v2\/users\/2"}],"replies":[{"embeddable":true,"href":"https:\/\/www.messinaoggi.it\/website\/wp-json\/wp\/v2\/comments?post=142919"}],"version-history":[{"count":1,"href":"https:\/\/www.messinaoggi.it\/website\/wp-json\/wp\/v2\/posts\/142919\/revisions"}],"predecessor-version":[{"id":142925,"href":"https:\/\/www.messinaoggi.it\/website\/wp-json\/wp\/v2\/posts\/142919\/revisions\/142925"}],"wp:featuredmedia":[{"embeddable":true,"href":"https:\/\/www.messinaoggi.it\/website\/wp-json\/wp\/v2\/media\/142924"}],"wp:attachment":[{"href":"https:\/\/www.messinaoggi.it\/website\/wp-json\/wp\/v2\/media?parent=142919"}],"wp:term":[{"taxonomy":"category","embeddable":true,"href":"https:\/\/www.messinaoggi.it\/website\/wp-json\/wp\/v2\/categories?post=142919"},{"taxonomy":"post_tag","embeddable":true,"href":"https:\/\/www.messinaoggi.it\/website\/wp-json\/wp\/v2\/tags?post=142919"}],"curies":[{"name":"wp","href":"https:\/\/api.w.org\/{rel}","templated":true}]}}