{"id":142829,"date":"2023-02-20T15:47:54","date_gmt":"2023-02-20T14:47:54","guid":{"rendered":"https:\/\/www.messinaoggi.it\/website\/2023\/02\/20\/dopo-la-pandemia-sono-sempre-piu-giovani-i-dipendenti-da-social\/"},"modified":"2023-02-20T15:47:54","modified_gmt":"2023-02-20T14:47:54","slug":"dopo-la-pandemia-sono-sempre-piu-giovani-i-dipendenti-da-social","status":"publish","type":"post","link":"https:\/\/www.messinaoggi.it\/website\/2023\/02\/20\/dopo-la-pandemia-sono-sempre-piu-giovani-i-dipendenti-da-social\/","title":{"rendered":"Dopo la pandemia sono sempre pi\u00f9 giovani i \u201cdipendenti\u201d da social"},"content":{"rendered":"<div>\n<p>ROMA (ITALPRESS) \u2013 \u00c8 vero che i social creano dipendenza e alterano il cervello degli adolescenti? Com\u2019\u00e8 possibile proteggere i pi\u00f9 giovani dall\u2019Internet addiction, una vera e propria patologia che si \u00e8 acuita durante la pandemia? \u201cCon la pandemia l\u2019et\u00e0 di consumo di Internet addiction, una vera e propria dipendenza, si \u00e8 abbassata ulteriormente\u201d, ha spiegato Marinella Ruggeri, neurologa e psicoterapeuta, che ne ha parlato in un servizio dell\u2019Italpress dedicato ai giovani e alla dipendenza dai social. \u201cSe prima \u2013 ha continuato \u2013 i dati epidemiologici registravano un eccesso all\u2019et\u00e0 di 14-15 anni, gi\u00e0 da 8 o 9 anni questa situazione \u00e8 precipitata\u201d.<br \/>\nDipendenza da social ma non solo: le tante ore trascorse davanti a Instagram, Facebook o TikTok possono causare nella mente dei ragazzi l\u2019incapacit\u00e0 di distinguere tra realt\u00e0 e finzione.<br \/>\n\u201cCi si addentra, senza neanche rendersi conto pi\u00f9 di tanto \u2013 ha detto Francesca Picone, psichiatra UOC Dipendenze patologiche dell\u2019Asp di Palermo -, in realt\u00e0, quelle virtuali, che sembrano reali sviluppando dei percorsi che non sempre sono sani. I rischi dei social sono legati al fatto che l\u2019identit\u00e0 virtuale pu\u00f2 essere ben altro rispetto all\u2019identit\u00e0 reale\u201d, ha aggiunto.<br \/>\n\u201cMolto spesso \u2013 ha sottolineato Roberto Gambino, psicologo, referente dell\u2019Asp di Palermo per il progetto \u2018Stop Phone\u2019 \u2013 noi stessi non siamo consapevoli di quanto tempo passiamo su un social o su uno smartphone\u201d. Gambino ha fatto riferimento alle app che permettono di sapere per quanto tempo \u00e8 stato usato lo smartphone in una settimana: \u201cC\u2019\u00e8 un monitoraggio \u2013 ha affermato \u2013 che noi stessi possiamo fare e possiamo farlo anche sui nostri ragazzi, bambini e figli per renderli consapevoli rispetto a questo problema della quantit\u00e0\u201d.<br \/>\n(ITALPRESS).<div id=\"div-gpt-ad-Messinaoggi.it-DSK-300x250-corpoart\" style=\"text-align:center;margin:0 auto;\"><\/div><\/p>\n<\/div>\n<div id=\"videoincontent\" style=\"clear:both\";><\/div>","protected":false},"excerpt":{"rendered":"<p>ROMA (ITALPRESS) \u2013 \u00c8 vero che i social creano dipendenza e alterano il cervello degli adolescenti? Com\u2019\u00e8 possibile proteggere i pi\u00f9 giovani dall\u2019Internet addiction, una vera e propria patologia che si \u00e8 acuita durante la pandemia? \u201cCon la pandemia l\u2019et\u00e0 di consumo di Internet addiction, una vera e propria dipendenza, si \u00e8 abbassata ulteriormente\u201d, ha [&hellip;]<\/p>\n","protected":false},"author":18,"featured_media":142830,"comment_status":"closed","ping_status":"closed","sticky":false,"template":"","format":"standard","meta":{"ub_ctt_via":"","_mi_skip_tracking":false},"categories":[2449],"tags":[783],"featured_image_src":"https:\/\/www.messinaoggi.it\/website\/wp-content\/uploads\/2023\/02\/Social.jpg","author_info":{"display_name":"Admin","author_link":"https:\/\/www.messinaoggi.it\/website\/author\/admin\/"},"digistream_id":0,"digistream":false,"_links":{"self":[{"href":"https:\/\/www.messinaoggi.it\/website\/wp-json\/wp\/v2\/posts\/142829"}],"collection":[{"href":"https:\/\/www.messinaoggi.it\/website\/wp-json\/wp\/v2\/posts"}],"about":[{"href":"https:\/\/www.messinaoggi.it\/website\/wp-json\/wp\/v2\/types\/post"}],"author":[{"embeddable":true,"href":"https:\/\/www.messinaoggi.it\/website\/wp-json\/wp\/v2\/users\/18"}],"replies":[{"embeddable":true,"href":"https:\/\/www.messinaoggi.it\/website\/wp-json\/wp\/v2\/comments?post=142829"}],"version-history":[{"count":0,"href":"https:\/\/www.messinaoggi.it\/website\/wp-json\/wp\/v2\/posts\/142829\/revisions"}],"wp:featuredmedia":[{"embeddable":true,"href":"https:\/\/www.messinaoggi.it\/website\/wp-json\/wp\/v2\/media\/142830"}],"wp:attachment":[{"href":"https:\/\/www.messinaoggi.it\/website\/wp-json\/wp\/v2\/media?parent=142829"}],"wp:term":[{"taxonomy":"category","embeddable":true,"href":"https:\/\/www.messinaoggi.it\/website\/wp-json\/wp\/v2\/categories?post=142829"},{"taxonomy":"post_tag","embeddable":true,"href":"https:\/\/www.messinaoggi.it\/website\/wp-json\/wp\/v2\/tags?post=142829"}],"curies":[{"name":"wp","href":"https:\/\/api.w.org\/{rel}","templated":true}]}}