{"id":142770,"date":"2023-02-20T12:32:51","date_gmt":"2023-02-20T11:32:51","guid":{"rendered":"https:\/\/www.messinaoggi.it\/website\/2023\/02\/20\/aeroporto-di-comiso-schifani-realizzare-larea-cargo-e-un-progetto-prioritario\/"},"modified":"2023-02-20T12:32:51","modified_gmt":"2023-02-20T11:32:51","slug":"aeroporto-di-comiso-schifani-realizzare-larea-cargo-e-un-progetto-prioritario","status":"publish","type":"post","link":"https:\/\/www.messinaoggi.it\/website\/2023\/02\/20\/aeroporto-di-comiso-schifani-realizzare-larea-cargo-e-un-progetto-prioritario\/","title":{"rendered":"Aeroporto di Comiso, Schifani \u201cRealizzare l\u2019area cargo \u00e8 un progetto prioritario\u201d"},"content":{"rendered":"<div>\n<p>COMISO (RAGUSA) (ITALPRESS) \u2013 \u201cRealizzare l\u2019area cargo all\u2019aeroporto di Comiso \u00e8 un progetto prioritario. Una strategia che il mio governo porter\u00e0 avanti con decisione, facendo sistema con il Comune e la Sac, societ\u00e0 di gestione dello scalo. Prendiamo atto dei progetti in corso, un punto di partenza per progettare e realizzare un\u2019implementazione che ci consenta di puntare con decisione sul settore cargo a supporto della crescita dell\u2019economia agroalimentare del territorio ibleo\u201d. Cos\u00ec il presidente della Regione Siciliana, Renato Schifani, al termine di una riunione operativa all\u2019aeroporto \u201cPio La Torre\u201d di Comiso, nel Ragusano. Presenti anche il sindaco del centro ibleo, Mariarita Schembari, il deputato regionale Giorgio Assenza, il primo cittadino di Ispica, Innocenzo Leontini, il responsabile dello scalo, Rosario Dibennardo, l\u2019ingegnere Nunzio Micieli dell\u2019ufficio tecnico del Comune di Comiso.<br \/>\u201cCon Comune, Sac e l\u2019assessore alle Infrastrutture e ai trasporti, ci rivedremo presto a Palermo \u2013 aggiunge Schifani \u2013 per avviare le procedure che conducano alla progettazione esecutiva per lo sviluppo del settore cargo e per affrontare il tema della continuit\u00e0 territoriale, per la quale esistono gi\u00e0 delle risorse accantonate. Sono venuto a Comiso \u2013 conclude il governatore \u2013 a confrontarmi direttamente con il territorio. Questo \u00e8 un obiettivo che, tutti insieme, dobbiamo raggiungere. La Regione far\u00e0 la sua parte, con enti locali e Sac serve fare gioco di squadra\u201d.<br \/>foto ufficio stampa Regione siciliana<br \/>(ITALPRESS).<div id=\"div-gpt-ad-Messinaoggi.it-DSK-300x250-corpoart\" style=\"text-align:center;margin:0 auto;\"><\/div><\/p>\n<\/div>\n<div id=\"videoincontent\" style=\"clear:both\";><\/div>","protected":false},"excerpt":{"rendered":"<p>COMISO (RAGUSA) (ITALPRESS) \u2013 \u201cRealizzare l\u2019area cargo all\u2019aeroporto di Comiso \u00e8 un progetto prioritario. Una strategia che il mio governo porter\u00e0 avanti con decisione, facendo sistema con il Comune e la Sac, societ\u00e0 di gestione dello scalo. Prendiamo atto dei progetti in corso, un punto di partenza per progettare e realizzare un\u2019implementazione che ci consenta [&hellip;]<\/p>\n","protected":false},"author":18,"featured_media":142771,"comment_status":"closed","ping_status":"closed","sticky":false,"template":"","format":"standard","meta":{"ub_ctt_via":"","_mi_skip_tracking":false},"categories":[2449],"tags":[783],"featured_image_src":"https:\/\/www.messinaoggi.it\/website\/wp-content\/uploads\/2023\/02\/20230220_0397.jpg","author_info":{"display_name":"Admin","author_link":"https:\/\/www.messinaoggi.it\/website\/author\/admin\/"},"digistream_id":0,"digistream":false,"_links":{"self":[{"href":"https:\/\/www.messinaoggi.it\/website\/wp-json\/wp\/v2\/posts\/142770"}],"collection":[{"href":"https:\/\/www.messinaoggi.it\/website\/wp-json\/wp\/v2\/posts"}],"about":[{"href":"https:\/\/www.messinaoggi.it\/website\/wp-json\/wp\/v2\/types\/post"}],"author":[{"embeddable":true,"href":"https:\/\/www.messinaoggi.it\/website\/wp-json\/wp\/v2\/users\/18"}],"replies":[{"embeddable":true,"href":"https:\/\/www.messinaoggi.it\/website\/wp-json\/wp\/v2\/comments?post=142770"}],"version-history":[{"count":0,"href":"https:\/\/www.messinaoggi.it\/website\/wp-json\/wp\/v2\/posts\/142770\/revisions"}],"wp:featuredmedia":[{"embeddable":true,"href":"https:\/\/www.messinaoggi.it\/website\/wp-json\/wp\/v2\/media\/142771"}],"wp:attachment":[{"href":"https:\/\/www.messinaoggi.it\/website\/wp-json\/wp\/v2\/media?parent=142770"}],"wp:term":[{"taxonomy":"category","embeddable":true,"href":"https:\/\/www.messinaoggi.it\/website\/wp-json\/wp\/v2\/categories?post=142770"},{"taxonomy":"post_tag","embeddable":true,"href":"https:\/\/www.messinaoggi.it\/website\/wp-json\/wp\/v2\/tags?post=142770"}],"curies":[{"name":"wp","href":"https:\/\/api.w.org\/{rel}","templated":true}]}}