{"id":142749,"date":"2023-02-20T10:24:54","date_gmt":"2023-02-20T09:24:54","guid":{"rendered":"http:\/\/www.messinaoggi.it\/website\/?p=142749"},"modified":"2023-02-20T10:28:01","modified_gmt":"2023-02-20T09:28:01","slug":"macabra-scoperta-nel-messinese-trovato-anziano-carbonizzato","status":"publish","type":"post","link":"https:\/\/www.messinaoggi.it\/website\/2023\/02\/20\/macabra-scoperta-nel-messinese-trovato-anziano-carbonizzato\/","title":{"rendered":"Macabra scoperta nel Messinese: trovato anziano carbonizzato"},"content":{"rendered":"\n<p>Un anziano \u00e8 stato trovato carbonizzato all&#8217;interno della sua abitazione. \u00c8 quanto accaduto ieri ad Al\u00ec, dove un anziano del luogo, l&#8217;ottantenne Mariano Bonanno, \u00e8 morto per via di un rogo scoppiato all&#8217;interno della sua abitazione.<div id=\"div-gpt-ad-Messinaoggi.it-DSK-300x250-corpoart\" style=\"text-align:center;margin:0 auto;\"><\/div><\/p>\n\n\n\n<p>Stando a quanto riportato dalla Gazzetta Jonica, l&#8217;uomo viveva solo in una casa sita in un luogo isolato, e in particolare in contrada Ciccio. La scoperta dell&#8217;incendio \u00e8 avvenuta quasi per caso. Sono stati infatti i carabinieri della locale Stazione a notare la casa in fiamme durante un normale giro di perlustrazione.<div id=\"videoincontent\" style=\"clear:both\";><\/div><\/p>\n\n\n\n<p>Pertanto \u00e8 stato lanciato immediatamente l&#8217;allarme ai vigili del fuoco, che si sono prontamente recati sul posto per spegnere il rogo. Una volta domato l&#8217;incendio la macabra scoperta: l&#8217;uomo che viveva nell&#8217;abitazione in questione, Bonanno, \u00e8 rimasto intrappolato al suo interno, venendo di fatto carbonizzato.<\/p>\n\n\n\n<p>Non \u00e8 chiaro cosa o chi abbia scatenato l&#8217;incendio, anche se al momento l&#8217;ipotesi pi\u00f9 probabile \u00e8 che la scintilla sia scoccata dal focolare a legna presente all&#8217;interno della casa.<\/p>\n","protected":false},"excerpt":{"rendered":"<p>Un anziano \u00e8 stato trovato carbonizzato all&#8217;interno della sua abitazione. \u00c8 quanto accaduto ieri ad Al\u00ec, dove un anziano del luogo, l&#8217;ottantenne Mariano Bonanno, \u00e8 morto per via di un rogo scoppiato all&#8217;interno della sua abitazione. Stando a quanto riportato dalla Gazzetta Jonica, l&#8217;uomo viveva solo in una casa sita in un luogo isolato, e [&hellip;]<\/p>\n","protected":false},"author":8,"featured_media":40000,"comment_status":"open","ping_status":"open","sticky":false,"template":"","format":"standard","meta":{"ub_ctt_via":"","_mi_skip_tracking":false},"categories":[6],"tags":[3418,80],"featured_image_src":"https:\/\/www.messinaoggi.it\/website\/wp-content\/uploads\/2020\/01\/carabinieri-cc-scaled-1.jpg","author_info":{"display_name":"red..me","author_link":"https:\/\/www.messinaoggi.it\/website\/author\/redstage\/"},"digistream_id":0,"digistream":false,"_links":{"self":[{"href":"https:\/\/www.messinaoggi.it\/website\/wp-json\/wp\/v2\/posts\/142749"}],"collection":[{"href":"https:\/\/www.messinaoggi.it\/website\/wp-json\/wp\/v2\/posts"}],"about":[{"href":"https:\/\/www.messinaoggi.it\/website\/wp-json\/wp\/v2\/types\/post"}],"author":[{"embeddable":true,"href":"https:\/\/www.messinaoggi.it\/website\/wp-json\/wp\/v2\/users\/8"}],"replies":[{"embeddable":true,"href":"https:\/\/www.messinaoggi.it\/website\/wp-json\/wp\/v2\/comments?post=142749"}],"version-history":[{"count":2,"href":"https:\/\/www.messinaoggi.it\/website\/wp-json\/wp\/v2\/posts\/142749\/revisions"}],"predecessor-version":[{"id":142751,"href":"https:\/\/www.messinaoggi.it\/website\/wp-json\/wp\/v2\/posts\/142749\/revisions\/142751"}],"wp:featuredmedia":[{"embeddable":true,"href":"https:\/\/www.messinaoggi.it\/website\/wp-json\/wp\/v2\/media\/40000"}],"wp:attachment":[{"href":"https:\/\/www.messinaoggi.it\/website\/wp-json\/wp\/v2\/media?parent=142749"}],"wp:term":[{"taxonomy":"category","embeddable":true,"href":"https:\/\/www.messinaoggi.it\/website\/wp-json\/wp\/v2\/categories?post=142749"},{"taxonomy":"post_tag","embeddable":true,"href":"https:\/\/www.messinaoggi.it\/website\/wp-json\/wp\/v2\/tags?post=142749"}],"curies":[{"name":"wp","href":"https:\/\/api.w.org\/{rel}","templated":true}]}}