{"id":142745,"date":"2023-02-20T09:46:30","date_gmt":"2023-02-20T08:46:30","guid":{"rendered":"http:\/\/www.messinaoggi.it\/website\/?p=142745"},"modified":"2023-02-20T09:54:27","modified_gmt":"2023-02-20T08:54:27","slug":"giovani-in-fuga-da-messina-catastrofe-socio-demografica","status":"publish","type":"post","link":"https:\/\/www.messinaoggi.it\/website\/2023\/02\/20\/giovani-in-fuga-da-messina-catastrofe-socio-demografica\/","title":{"rendered":"Giovani in fuga da Messina: catastrofe socio-demografica"},"content":{"rendered":"\n<p>Il dato fa impressione. L\u2019emorragia non si arresta: i giovani lasciano Messina con un ritmo spaventoso. In dieci anni quasi <strong>35mila giovani <\/strong>(et\u00e0 compresa fra <strong>18 e 39 anni)<\/strong>, hanno chiuso con Messina, <strong>citt\u00e0 matrigna<\/strong>.<div id=\"div-gpt-ad-Messinaoggi.it-DSK-300x250-corpoart\" style=\"text-align:center;margin:0 auto;\"><\/div><\/p>\n\n\n\n<p>Il sole, il cibo, gli affetti e le chiacchiere della politica non hanno avuto l\u2019effetto di trattenere i \u201cfigli\u201d di una citt\u00e0 che adesso rischia lo spopolamento.<div id=\"videoincontent\" style=\"clear:both\";><\/div><\/p>\n\n\n\n<p>Il dato dell\u2019<strong>Istat<\/strong> non lascia spazio a giustificazioni di sorta ed \u00e8 un richiamo fortissimo alla politica cittadina. Non c\u2019\u00e8 pi\u00f9 l\u2019alibi di \u201c<strong>quelli che c\u2019erano prima<\/strong>\u201d, gli ultimi dieci anni (tre amministrazioni <strong>Accorinti-De Luca e Basile<\/strong>), hanno fatto registrare un flusso continuo di migrazioni verso il Nord. Fra il <strong>2012<\/strong> e il <strong>2021<\/strong> sono stati 35mila i giovani che hanno deciso di abbandonare la propria citt\u00e0, alla ricerca di un lavoro e, soprattutto, di una qualit\u00e0 della vita migliore.<\/p>\n\n\n\n<figure class=\"wp-block-image size-large\"><img loading=\"lazy\" width=\"600\" height=\"400\" src=\"http:\/\/www.messinaoggi.it\/website\/wp-content\/uploads\/2020\/05\/G7-Accorinti.jpg\" alt=\"\" class=\"wp-image-43338\"\/><figcaption><strong>Renato Accorinti, sindaco di Messina dal 2013 al 2018<\/strong><\/figcaption><\/figure>\n\n\n\n<p>Del resto, Messina si contraddistingue non solo per l\u2019arretratezza economica ma anche per la sua continua stagnazione negli ultimi posti delle classifiche per \u201cqualit\u00e0 della vita\u201d. Due elementi di sostanza che spingono i ragazzi a chiudere con la propria citt\u00e0 per formarsi la famiglia lontano dalla propria terra.<\/p>\n\n\n\n<figure class=\"wp-block-image size-large\"><img loading=\"lazy\" width=\"1504\" height=\"1000\" src=\"http:\/\/www.messinaoggi.it\/website\/wp-content\/uploads\/2020\/05\/0C5063A9-8449-4D61-8528-D3B8BC1D725B.jpeg\" alt=\"\" class=\"wp-image-43537\"\/><figcaption><strong>Cateno De Luca, sindaco di Messina da giugno 2018 a febbraio 2022<\/strong><\/figcaption><\/figure>\n\n\n\n<p>La politica non pu\u00f2 continuare a voltarsi dall\u2019altra parte di fronte ad un flusso migratorio che, alla lunga, porter\u00e0 Messina allo spopolamento. <strong>Federico Basile<\/strong> di colpe ne ha poche (per ora), dal momento che \u00e8 sindaco da meno di un anno, ma i suoi predecessori (<strong>Accorinti <\/strong>e <strong>De Luca<\/strong>), alla luce dei numeri dell\u2019ISTAT, di sicuro non possono chiamarsi fuori dalle proprie responsabilit\u00e0 perch\u00e9 evidentemente non sono riusciti a bloccare con le rispettive politiche quella preoccupante emorragia.<\/p>\n\n\n\n<p><strong>Le cause<\/strong><\/p>\n\n\n\n<p>La mancanza di lavoro \u00e8 certamente una delle cause principali dello spopolamento di Messina. Il tessuto economico pi\u00f9 che essere drenato da scelte politiche sensate \u00e8 stato costantemente depauperato. Il settore trainante \u00e8 il <strong>Terziario<\/strong>, rappresentato dal <strong>commercio<\/strong>. Un settore messo in ginocchio da una visione politica strabica. Basti pensare che da pi\u00f9 di dieci anni si parla di \u201c<strong>Isole pedonali<\/strong>\u201d e nessuna delle ultime tre amministrazioni \u00e8 stata in grado di proporne una di senso compiuto. Solo sperimentazioni e marce indietro di fronte ai lamenti di alcuni. La mancanza di una seria programmazione politica sta determinando un <strong>cataclisma socio-demografico<\/strong>.<\/p>\n\n\n\n<figure class=\"wp-block-image size-large\"><img loading=\"lazy\" width=\"720\" height=\"540\" src=\"http:\/\/www.messinaoggi.it\/website\/wp-content\/uploads\/2022\/09\/286678412_10221686931230439_693785492802337477_n.jpg\" alt=\"\" class=\"wp-image-123558\" srcset=\"https:\/\/www.messinaoggi.it\/website\/wp-content\/uploads\/2022\/09\/286678412_10221686931230439_693785492802337477_n.jpg 720w, https:\/\/www.messinaoggi.it\/website\/wp-content\/uploads\/2022\/09\/286678412_10221686931230439_693785492802337477_n-300x225.jpg 300w\" sizes=\"(max-width: 720px) 100vw, 720px\" \/><figcaption><strong>Federico Basile, sindaco di Messina da giugno 2022<\/strong><\/figcaption><\/figure>\n\n\n\n<p>A ci\u00f2 si aggiunga la qualit\u00e0 della vita bassissima, con servizi scadenti (a tutti i livelli), traffico veicolare impazzito, infrastrutture scadenti, mancanza di spazi ricreativi, strutture sportive e svaghi in genere.<\/p>\n\n\n\n<p><strong>Come invertire la rotta<\/strong><\/p>\n\n\n\n<p>Il 2019 \u00e8 stato, come si dice, un \u201c<strong>annus horribilis<\/strong>\u201d, con <strong>4.243 giovani messinesi in fuga<\/strong> dalla propria citt\u00e0. <strong>Cateno De Luca<\/strong> era sindaco da un anno e mezzo, ma \u00e8 evidente che il numero spaventoso di migrazioni \u00e8 da attribuire ai precedenti cinque anni a <strong>guida Accorinti<\/strong>. Non \u00e8 andata meglio gli anni successivi con una media di <strong>3.400 partenze<\/strong>.<\/p>\n\n\n\n<p>L\u2019Istat ancora non ha reso disponibile i numeri del <strong>2022<\/strong>, ma \u00e8 evidente che il dato non si discoster\u00e0 pi\u00f9 di tanto da quelli precedenti. Continuando di questo passo lo scenario che si staglia \u00e8 drammatico. Messina si proietta a diventare una <strong>citt\u00e0 di anziani<\/strong> e ne giro di un trentennio rischia lo <strong>spopolamento<\/strong>. Scenario apocalittico, \u00e8 vero, ma possibile se non si invertir\u00e0 la rotta.<\/p>\n\n\n\n<p>Che fare allora?  Intanto, l\u2019amministrazione dovrebbe affrontare di petto il problema e non fare finta che non esista, dimostrando di avere quella famosissima \u201c<strong>visione<\/strong>\u201d di cui tanti politici si riempiono solo la bocca.<\/p>\n\n\n\n<p>In secondo luogo, affrontare il tema del rilancio economico del Terziario, mettendo sul tavolo politiche condivise con le associazioni di categoria per consentire al commercio di riprendersi con iniziative che consentano di rendere fertile un terreno ormai arido. Inoltre, scandagliare le grandi offerte provenienti dall\u2019Europa con finanziamenti ad hoc non sarebbe un\u2019idea malsana. Ma non c\u2019\u00e8 da perdere ulteriore tempo.<\/p>\n\n\n\n<p><strong>Davide Gambale<\/strong><\/p>\n","protected":false},"excerpt":{"rendered":"<p>Il dato fa impressione. L\u2019emorragia non si arresta: i giovani lasciano Messina con un ritmo spaventoso. In dieci anni quasi 35mila giovani (et\u00e0 compresa fra 18 e 39 anni), hanno chiuso con Messina, citt\u00e0 matrigna. Il sole, il cibo, gli affetti e le chiacchiere della politica non hanno avuto l\u2019effetto di trattenere i \u201cfigli\u201d di [&hellip;]<\/p>\n","protected":false},"author":2,"featured_media":2744,"comment_status":"open","ping_status":"open","sticky":false,"template":"","format":"standard","meta":{"ub_ctt_via":"","_mi_skip_tracking":false},"categories":[19],"tags":[6758,6757,6759,6760],"featured_image_src":"https:\/\/www.messinaoggi.it\/website\/wp-content\/uploads\/2017\/06\/messina-vista-porto-e-madonnina-da-collina-2.jpg","author_info":{"display_name":"Redazione","author_link":"https:\/\/www.messinaoggi.it\/website\/author\/redazione\/"},"digistream_id":0,"digistream":false,"_links":{"self":[{"href":"https:\/\/www.messinaoggi.it\/website\/wp-json\/wp\/v2\/posts\/142745"}],"collection":[{"href":"https:\/\/www.messinaoggi.it\/website\/wp-json\/wp\/v2\/posts"}],"about":[{"href":"https:\/\/www.messinaoggi.it\/website\/wp-json\/wp\/v2\/types\/post"}],"author":[{"embeddable":true,"href":"https:\/\/www.messinaoggi.it\/website\/wp-json\/wp\/v2\/users\/2"}],"replies":[{"embeddable":true,"href":"https:\/\/www.messinaoggi.it\/website\/wp-json\/wp\/v2\/comments?post=142745"}],"version-history":[{"count":2,"href":"https:\/\/www.messinaoggi.it\/website\/wp-json\/wp\/v2\/posts\/142745\/revisions"}],"predecessor-version":[{"id":142748,"href":"https:\/\/www.messinaoggi.it\/website\/wp-json\/wp\/v2\/posts\/142745\/revisions\/142748"}],"wp:featuredmedia":[{"embeddable":true,"href":"https:\/\/www.messinaoggi.it\/website\/wp-json\/wp\/v2\/media\/2744"}],"wp:attachment":[{"href":"https:\/\/www.messinaoggi.it\/website\/wp-json\/wp\/v2\/media?parent=142745"}],"wp:term":[{"taxonomy":"category","embeddable":true,"href":"https:\/\/www.messinaoggi.it\/website\/wp-json\/wp\/v2\/categories?post=142745"},{"taxonomy":"post_tag","embeddable":true,"href":"https:\/\/www.messinaoggi.it\/website\/wp-json\/wp\/v2\/tags?post=142745"}],"curies":[{"name":"wp","href":"https:\/\/api.w.org\/{rel}","templated":true}]}}