{"id":142730,"date":"2023-02-20T09:05:57","date_gmt":"2023-02-20T08:05:57","guid":{"rendered":"http:\/\/www.messinaoggi.it\/website\/?p=142730"},"modified":"2023-02-20T09:05:59","modified_gmt":"2023-02-20T08:05:59","slug":"uil-blocco-bonus-e-assurdo","status":"publish","type":"post","link":"https:\/\/www.messinaoggi.it\/website\/2023\/02\/20\/uil-blocco-bonus-e-assurdo\/","title":{"rendered":"Uil: &#8220;Blocco bonus \u00e8 assurdo&#8221;"},"content":{"rendered":"\n<p>\u201cLa decisione del Governo nazionale di procedere al blocco della cessione dei crediti e dello sconto in fattura per i bonus edili \u00e8 un provvedimento assurdo ed inaccettabile che produrr\u00e0 un enorme salto all\u2019indietro e che porter\u00e0 il settore dell\u2019edilizia al tracollo e il Paese agli anni pi\u00f9 bui della crisi economica. Viene, cos\u00ec, sancita la fine traumatica di una ripresa e di un rilancio che, nel sistema Paese, provocher\u00e0 il licenziamento di centinaia di migliaia di lavoratori, la tragedia economica per tutte le famiglie coinvolte e, contestualmente, il fallimento per decine e decine di migliaia di imprese con quello che ne conseguir\u00e0 in termini di tenuta sociale. Ecco perch\u00e9 \u00e8 indispensabile che il governo Meloni torni immediatamente sui suoi passi e apra un confronto vero con le parti sociali nazionali del settore finalizzato a rivedere l\u2019assurda decisione assunta e, viceversa, a trovare soluzioni per evitare il default di un settore che \u00e8, da sempre, il volano dell\u2019economia. In mancanza di risposte concrete, apriremo, in ogni angolo del territorio, una fase caratterizzata da iniziative di lotta e di forte mobilitazione\u201d lo hanno affermato Ivan Tripodi, segretario generale Uil Messina, e Pasquale De Vardo, segretario generale Feneal Uil Tirrenica.<div id=\"div-gpt-ad-Messinaoggi.it-DSK-300x250-corpoart\" style=\"text-align:center;margin:0 auto;\"><\/div><\/p>\n\n\n\n<p>\u201cIl quadro \u00e8 assolutamente funesto anche nella nostra realt\u00e0 provinciale, i dati, infatti, ci dicono che, stante la decisione governativa, quasi 5.000 lavoratori messinesi da qui a breve perderanno il posto di lavoro e circa 1.500 imprese impiegate nell\u2019edilizia privata saranno costrette a dichiarare fallimento: un\u2019ecatombe. Tutto ci\u00f2, alle nostre latitudini, aumenter\u00e0 il divario economico ed occupazionale nei confronti delle zone forti del Paese, per non parlare del resto dell\u2019Europa. Il decreto del governo rappresenta la certificazione di morte del comparto dell\u2019edilizia e la catastrofe economica ed occupazionale per Messina e la sua provincia che su una profonda rigenerazione immobiliare attraverso i bonus aveva puntato tantissimo. In tal senso, \u00e8 paradossale che nel mentre la Commissione Europea, proprio qualche settimana fa, ha, nei fatti, sancito che entro il 2050 tutti gli Stati membri dovranno avere un parco immobiliare costituito da edifici ad emissioni zero, il governo nazionale vada in direzione opposta. Per non parlare dell\u2019esigenza dell\u2019adeguamento sismico e della messa in sicurezza del patrimonio edilizio in una zona particolarmente a rischio come quella dello stretto, proprio a pochi giorni dal tragico e pauroso terremoto avvenuto in Turchia.\u201d hanno proseguito Tripodi e De Vardo.<div id=\"videoincontent\" style=\"clear:both\";><\/div><\/p>\n\n\n\n<p>\u201cCome se non bastasse, dobbiamo segnalare che il nuovo Codice degli appalti in discussione in Parlamento rischia di essere caratterizzato da una grave deregulation che mette in discussione le norme di salute e sicurezza dei lavoratori e il diritto ad una equa e giusta retribuzione prevista dal Ccnl dell\u2019edilizia che garantisce regole e norme certe per tutti i lavoratori impegnati nei cantieri edili. Pertanto, registriamo, da parte del governo Meloni, una pesante offensiva contro i lavoratori edili, che parte dal miope blocco di tutti i bonus, nei confronti della quale si aprir\u00e0 una fase di fortissima mobilitazione per evitare un\u2019indecente macelleria sociale\u201d hanno cos\u00ec concluso Ivan Tripodi, segretario generale Uil Messina, e Pasquale De Vardo, segretario generale Feneal Uil Tirrenica.<\/p>\n","protected":false},"excerpt":{"rendered":"<p>\u201cLa decisione del Governo nazionale di procedere al blocco della cessione dei crediti e dello sconto in fattura per i bonus edili \u00e8 un provvedimento assurdo ed inaccettabile che produrr\u00e0 un enorme salto all\u2019indietro e che porter\u00e0 il settore dell\u2019edilizia al tracollo e il Paese agli anni pi\u00f9 bui della crisi economica. Viene, cos\u00ec, sancita [&hellip;]<\/p>\n","protected":false},"author":2,"featured_media":44625,"comment_status":"open","ping_status":"open","sticky":false,"template":"","format":"standard","meta":{"ub_ctt_via":"","_mi_skip_tracking":false},"categories":[6],"tags":[6282,954,1376,6751,1338],"featured_image_src":"https:\/\/www.messinaoggi.it\/website\/wp-content\/uploads\/2020\/06\/da-sx-pasquale-de-vardo-e-ivan-tripodi.jpg","author_info":{"display_name":"Redazione","author_link":"https:\/\/www.messinaoggi.it\/website\/author\/redazione\/"},"digistream_id":0,"digistream":false,"_links":{"self":[{"href":"https:\/\/www.messinaoggi.it\/website\/wp-json\/wp\/v2\/posts\/142730"}],"collection":[{"href":"https:\/\/www.messinaoggi.it\/website\/wp-json\/wp\/v2\/posts"}],"about":[{"href":"https:\/\/www.messinaoggi.it\/website\/wp-json\/wp\/v2\/types\/post"}],"author":[{"embeddable":true,"href":"https:\/\/www.messinaoggi.it\/website\/wp-json\/wp\/v2\/users\/2"}],"replies":[{"embeddable":true,"href":"https:\/\/www.messinaoggi.it\/website\/wp-json\/wp\/v2\/comments?post=142730"}],"version-history":[{"count":1,"href":"https:\/\/www.messinaoggi.it\/website\/wp-json\/wp\/v2\/posts\/142730\/revisions"}],"predecessor-version":[{"id":142731,"href":"https:\/\/www.messinaoggi.it\/website\/wp-json\/wp\/v2\/posts\/142730\/revisions\/142731"}],"wp:featuredmedia":[{"embeddable":true,"href":"https:\/\/www.messinaoggi.it\/website\/wp-json\/wp\/v2\/media\/44625"}],"wp:attachment":[{"href":"https:\/\/www.messinaoggi.it\/website\/wp-json\/wp\/v2\/media?parent=142730"}],"wp:term":[{"taxonomy":"category","embeddable":true,"href":"https:\/\/www.messinaoggi.it\/website\/wp-json\/wp\/v2\/categories?post=142730"},{"taxonomy":"post_tag","embeddable":true,"href":"https:\/\/www.messinaoggi.it\/website\/wp-json\/wp\/v2\/tags?post=142730"}],"curies":[{"name":"wp","href":"https:\/\/api.w.org\/{rel}","templated":true}]}}