{"id":142592,"date":"2023-02-18T17:47:11","date_gmt":"2023-02-18T16:47:11","guid":{"rendered":"http:\/\/www.messinaoggi.it\/website\/?p=142592"},"modified":"2023-02-18T17:47:12","modified_gmt":"2023-02-18T16:47:12","slug":"collereale-pagato-uno-stipendio-grazie-alla-uil-fpl","status":"publish","type":"post","link":"https:\/\/www.messinaoggi.it\/website\/2023\/02\/18\/collereale-pagato-uno-stipendio-grazie-alla-uil-fpl\/","title":{"rendered":"Collereale, pagato uno stipendio grazie alla Uil-Fpl"},"content":{"rendered":"\n<p>\u201cLa Uil Fpl di Messina ha appreso dai propri associati dipendenti del Principe Spes e dai dipendenti &#8220;storici &#8221; del Collereale, che\u00a0 nel mese di febbraio \u00e8 stato riconosciuto a tutti i lavoratori una mensilit\u00e0 equivalente ad un intero stipendio. Tutto questo \u00e8 stato reso possibile grazie alle numerose iniziative della Uil Fpl,nel tentativo di trovare delle soluzioni con la parte datoriale e dopo aver avviato il tentativo di conciliazione e raffreddamento del conflitto in Prefettura ed esserci rivolti All&#8217;assessore\u00a0 alle Politiche Sociale della Regione Sicilia\u201d.<div id=\"div-gpt-ad-Messinaoggi.it-DSK-300x250-corpoart\" style=\"text-align:center;margin:0 auto;\"><\/div><\/p>\n\n\n\n<p>Lo scrive in una nota stampa il segretario della Uil-Fpl Messina, Livio Andronico.<div id=\"videoincontent\" style=\"clear:both\";><\/div><\/p>\n\n\n\n<p>\u201cFinalmente, dopo  otto mesi di ritardi ed acconti, ai lavoratori con la mensilit\u00e0 del mese di gennaio corrisposta nel mese di febbraio,  hanno ottenuto uno stipendio intero. E&#8217; chiaro, che la nostra attivit\u00e0 sindacale continuer\u00e0 in modo costante e vigileremo affinch\u00e9 il Management del Collereale &#8211; Ipab continui a riconoscere mensilmente quanto dovuto a tutti i lavoratori che puntualmente si adoperano per garantire continuit\u00e0 assistenziale e confort alberghiero agli ospiti della struttura.<\/p>\n\n\n\n<p><strong>Prendiamo atto, del tentativo di distensione attuato<\/strong> <strong>dall&#8217;Amministrazione<\/strong>,auspicando  che in tempi brevi si possa procedere anche al recupero delle mensilit\u00e0 pregresse.<\/p>\n\n\n\n<p>La Uil Fpl,  al fine di affrontare  in modo risolutivo la questione degli emolumenti arretrati di circa ben otto mensilit\u00e0, ha chiesto un incontro all&#8217;Assessore Regionale alle Politiche Sociali  affinch\u00e9 la problematica possa essere risolta nel pi\u00f9 breve tempo possibile trovando delle soluzioni Regionali che  consentano di riorganizzare  dalla base le IPAB Siciliane come avvenuto nel resto d&#8217;Italia,in cui sono state trasformate in aziende pubbliche di servizi alla persona. Un ringraziamento particolare vada a tutti i dipendenti associati e non alla Uil FPl, alla nostra referente aziendale <strong>Carola Sergi <\/strong>ed al componente<strong> RSU Giovanni Prestipino Giarritta\u201d.<\/strong><\/p>\n\n\n\n<p>Conclude la nota sindacale.<\/p>\n\n\n\n<p><\/p>\n","protected":false},"excerpt":{"rendered":"<p>\u201cLa Uil Fpl di Messina ha appreso dai propri associati dipendenti del Principe Spes e dai dipendenti &#8220;storici &#8221; del Collereale, che\u00a0 nel mese di febbraio \u00e8 stato riconosciuto a tutti i lavoratori una mensilit\u00e0 equivalente ad un intero stipendio. Tutto questo \u00e8 stato reso possibile grazie alle numerose iniziative della Uil Fpl,nel tentativo di [&hellip;]<\/p>\n","protected":false},"author":2,"featured_media":130351,"comment_status":"open","ping_status":"open","sticky":false,"template":"","format":"standard","meta":{"ub_ctt_via":"","_mi_skip_tracking":false},"categories":[5],"tags":[5904,6742,115,773],"featured_image_src":"https:\/\/www.messinaoggi.it\/website\/wp-content\/uploads\/2022\/11\/0-2.jpg","author_info":{"display_name":"Redazione","author_link":"https:\/\/www.messinaoggi.it\/website\/author\/redazione\/"},"digistream_id":0,"digistream":false,"_links":{"self":[{"href":"https:\/\/www.messinaoggi.it\/website\/wp-json\/wp\/v2\/posts\/142592"}],"collection":[{"href":"https:\/\/www.messinaoggi.it\/website\/wp-json\/wp\/v2\/posts"}],"about":[{"href":"https:\/\/www.messinaoggi.it\/website\/wp-json\/wp\/v2\/types\/post"}],"author":[{"embeddable":true,"href":"https:\/\/www.messinaoggi.it\/website\/wp-json\/wp\/v2\/users\/2"}],"replies":[{"embeddable":true,"href":"https:\/\/www.messinaoggi.it\/website\/wp-json\/wp\/v2\/comments?post=142592"}],"version-history":[{"count":1,"href":"https:\/\/www.messinaoggi.it\/website\/wp-json\/wp\/v2\/posts\/142592\/revisions"}],"predecessor-version":[{"id":142593,"href":"https:\/\/www.messinaoggi.it\/website\/wp-json\/wp\/v2\/posts\/142592\/revisions\/142593"}],"wp:featuredmedia":[{"embeddable":true,"href":"https:\/\/www.messinaoggi.it\/website\/wp-json\/wp\/v2\/media\/130351"}],"wp:attachment":[{"href":"https:\/\/www.messinaoggi.it\/website\/wp-json\/wp\/v2\/media?parent=142592"}],"wp:term":[{"taxonomy":"category","embeddable":true,"href":"https:\/\/www.messinaoggi.it\/website\/wp-json\/wp\/v2\/categories?post=142592"},{"taxonomy":"post_tag","embeddable":true,"href":"https:\/\/www.messinaoggi.it\/website\/wp-json\/wp\/v2\/tags?post=142592"}],"curies":[{"name":"wp","href":"https:\/\/api.w.org\/{rel}","templated":true}]}}