{"id":142578,"date":"2023-02-18T17:17:53","date_gmt":"2023-02-18T16:17:53","guid":{"rendered":"https:\/\/www.messinaoggi.it\/website\/2023\/02\/18\/lukoil-e-blutec-schifani-e-urso-vigileremo-su-garanzie-per-ambiente-e-lavoratori\/"},"modified":"2023-02-18T17:47:40","modified_gmt":"2023-02-18T16:47:40","slug":"lukoil-e-blutec-schifani-e-urso-vigileremo-su-garanzie-per-ambiente-e-lavoratori","status":"publish","type":"post","link":"https:\/\/www.messinaoggi.it\/website\/2023\/02\/18\/lukoil-e-blutec-schifani-e-urso-vigileremo-su-garanzie-per-ambiente-e-lavoratori\/","title":{"rendered":"Lukoil e Blutec, Schifani e Urso \u201cVigileremo su garanzie per ambiente e lavoratori\u201d"},"content":{"rendered":"<div>\n<p>ACIREALE (CATANIA) (ITALPRESS) \u2013 \u201cLa vendita della raffineria Isab di Priolo \u00e8 una trattativa tra privati ed \u00e8 fuori luogo che altri soggetti entrino nella negoziazione, in questa fase. Il governo regionale e quello nazionale sono vigili sul rispetto delle regole e delle procedure per il mantenimento dei livelli occupazionali e la tutela dell\u2019ambiente\u201d. Lo ha detto il presidente della Regione Siciliana, Renato Schifani, ad Acireale dove ha avuto un colloquio con il ministro delle Imprese e del Made in Italy, Adolfo Urso, in occasione della presentazione del francobollo dedicato al Carnevale della citt\u00e0 etnea ed emesso dal Mimit, tra i sei della serie tematica \u201cil Patrimonio artistico e culturale italiano\u201d, dedicati ai Carnevali pi\u00f9 antichi d\u2019Italia. <br \/>Il ministro ha sottolineato come per il petrolchimico di Priolo sia stata attivata la procedura della golden power anche a tutela dei lavoratori e di come sia stata assicurato il funzionamento degli impianti, contro ogni timore di chiusura. <br \/>Con il governatore siciliano \u00e8 stato affrontato anche il tema della riconversione della ex Blutec di Termini Imerese. Urso ha annunciato l\u2019intenzione di sollecitare i commissari ad aprire una procedura concorsuale per i diversi soggetti proponenti progetti per l\u2019area industriale, affinch\u00e8 si scelga quello pi\u00f9 sostenibile e con le pi\u00f9 solide garanzie per l\u2019occupazione. \u201cI competitor che si sono fatti avanti sembrano affidabili \u2013 ha aggiunto il Schifani \u2013 ma si faranno le necessarie valutazioni sia da parte del governo nazionale sia da quello della Regione. Sono fiducioso, l\u2019assessore Tamajo sta facendo un grande lavoro\u201d.<br \/>In merito al provvedimento che ha fermato il \u201cSuperbonus\u201d edilizio, Schifani ha precisato che \u201cla Regione si adeguer\u00e0 alla scelta di Roma, ma \u00e8 inutile appellarsi al mio governo per eventuali deroghe, come hanno fatto alcune forze di opposizione. Mi auguro che in sede di conversione del decreto del governo nazionale siano inserite le opportune verifiche per limitare al massimo l\u2019impatto per le imprese del settore e chiudere una misura che ha creato un buco di 100 miliardi\u201d.<br \/>foto ufficio stampa Regione siciliana, Schifani e Urso alla presentazione del francobollo sul Carnevale di Acireale<br \/>(ITALPRESS).<div id=\"div-gpt-ad-Messinaoggi.it-DSK-300x250-corpoart\" style=\"text-align:center;margin:0 auto;\"><\/div><\/p>\n<\/div>\n<div id=\"videoincontent\" style=\"clear:both\";><\/div>","protected":false},"excerpt":{"rendered":"<p>ACIREALE (CATANIA) (ITALPRESS) \u2013 \u201cLa vendita della raffineria Isab di Priolo \u00e8 una trattativa tra privati ed \u00e8 fuori luogo che altri soggetti entrino nella negoziazione, in questa fase. Il governo regionale e quello nazionale sono vigili sul rispetto delle regole e delle procedure per il mantenimento dei livelli occupazionali e la tutela dell\u2019ambiente\u201d. Lo [&hellip;]<\/p>\n","protected":false},"author":18,"featured_media":142579,"comment_status":"closed","ping_status":"closed","sticky":false,"template":"","format":"standard","meta":{"ub_ctt_via":"","_mi_skip_tracking":false},"categories":[4,2449],"tags":[783],"featured_image_src":"https:\/\/www.messinaoggi.it\/website\/wp-content\/uploads\/2023\/02\/20230218_1293.jpg","author_info":{"display_name":"Admin","author_link":"https:\/\/www.messinaoggi.it\/website\/author\/admin\/"},"digistream_id":0,"digistream":false,"_links":{"self":[{"href":"https:\/\/www.messinaoggi.it\/website\/wp-json\/wp\/v2\/posts\/142578"}],"collection":[{"href":"https:\/\/www.messinaoggi.it\/website\/wp-json\/wp\/v2\/posts"}],"about":[{"href":"https:\/\/www.messinaoggi.it\/website\/wp-json\/wp\/v2\/types\/post"}],"author":[{"embeddable":true,"href":"https:\/\/www.messinaoggi.it\/website\/wp-json\/wp\/v2\/users\/18"}],"replies":[{"embeddable":true,"href":"https:\/\/www.messinaoggi.it\/website\/wp-json\/wp\/v2\/comments?post=142578"}],"version-history":[{"count":1,"href":"https:\/\/www.messinaoggi.it\/website\/wp-json\/wp\/v2\/posts\/142578\/revisions"}],"predecessor-version":[{"id":142594,"href":"https:\/\/www.messinaoggi.it\/website\/wp-json\/wp\/v2\/posts\/142578\/revisions\/142594"}],"wp:featuredmedia":[{"embeddable":true,"href":"https:\/\/www.messinaoggi.it\/website\/wp-json\/wp\/v2\/media\/142579"}],"wp:attachment":[{"href":"https:\/\/www.messinaoggi.it\/website\/wp-json\/wp\/v2\/media?parent=142578"}],"wp:term":[{"taxonomy":"category","embeddable":true,"href":"https:\/\/www.messinaoggi.it\/website\/wp-json\/wp\/v2\/categories?post=142578"},{"taxonomy":"post_tag","embeddable":true,"href":"https:\/\/www.messinaoggi.it\/website\/wp-json\/wp\/v2\/tags?post=142578"}],"curies":[{"name":"wp","href":"https:\/\/api.w.org\/{rel}","templated":true}]}}