{"id":142547,"date":"2023-02-18T12:08:24","date_gmt":"2023-02-18T11:08:24","guid":{"rendered":"http:\/\/www.messinaoggi.it\/website\/?p=142547"},"modified":"2023-02-18T12:08:25","modified_gmt":"2023-02-18T11:08:25","slug":"impossibile-che-ayman-si-sia-suicidato","status":"publish","type":"post","link":"https:\/\/www.messinaoggi.it\/website\/2023\/02\/18\/impossibile-che-ayman-si-sia-suicidato\/","title":{"rendered":"&#8220;Impossibile che Ayman si sia suicidato&#8221;"},"content":{"rendered":"\n<p>&#8220;Si trattava di un ragazzo molto perbene che faceva una vita normale, studiava e d&#8217;estate andava anche a lavorare a Salina. Secondo il fratello \u00e8 impossibile che si sia suicidato. So che le forze dell&#8217;ordine stanno indagando in tutte le direzioni. La famiglia chiede solo chiarezza su quanto avvenuto&#8221;. A parlare \u00e8 Giuseppe Coppolino, legale della famiglia di Ayman Serti, 16 anni, trovato cadavere in piazza Italia &#8217;90, a Mer\u00ec. &#8220;So &#8211; prosegue il legale &#8211; che \u00e8 stata eseguita l&#8217;autopsia; non conosco i risultati e comunque siamo fiduciosi sull&#8217;operato della magistratura. So che si sta procedendo ad analizzare anche il telefono, ma al momento non sono a conoscenza di eventuali messaggi mandati da qualcuno che avrebbero indotto il ragazzo a cadere in una trappola&#8221;.<div id=\"div-gpt-ad-Messinaoggi.it-DSK-300x250-corpoart\" style=\"text-align:center;margin:0 auto;\"><\/div><\/p>\n<div id=\"videoincontent\" style=\"clear:both\";><\/div>","protected":false},"excerpt":{"rendered":"<p>&#8220;Si trattava di un ragazzo molto perbene che faceva una vita normale, studiava e d&#8217;estate andava anche a lavorare a Salina. Secondo il fratello \u00e8 impossibile che si sia suicidato. So che le forze dell&#8217;ordine stanno indagando in tutte le direzioni. La famiglia chiede solo chiarezza su quanto avvenuto&#8221;. A parlare \u00e8 Giuseppe Coppolino, legale [&hellip;]<\/p>\n","protected":false},"author":4,"featured_media":142548,"comment_status":"open","ping_status":"open","sticky":false,"template":"","format":"standard","meta":{"ub_ctt_via":"","_mi_skip_tracking":false},"categories":[19],"tags":[6736,1117],"featured_image_src":"https:\/\/www.messinaoggi.it\/website\/wp-content\/uploads\/2023\/02\/serti-ayman.jpg","author_info":{"display_name":"redme","author_link":"https:\/\/www.messinaoggi.it\/website\/author\/redme\/"},"digistream_id":0,"digistream":false,"_links":{"self":[{"href":"https:\/\/www.messinaoggi.it\/website\/wp-json\/wp\/v2\/posts\/142547"}],"collection":[{"href":"https:\/\/www.messinaoggi.it\/website\/wp-json\/wp\/v2\/posts"}],"about":[{"href":"https:\/\/www.messinaoggi.it\/website\/wp-json\/wp\/v2\/types\/post"}],"author":[{"embeddable":true,"href":"https:\/\/www.messinaoggi.it\/website\/wp-json\/wp\/v2\/users\/4"}],"replies":[{"embeddable":true,"href":"https:\/\/www.messinaoggi.it\/website\/wp-json\/wp\/v2\/comments?post=142547"}],"version-history":[{"count":1,"href":"https:\/\/www.messinaoggi.it\/website\/wp-json\/wp\/v2\/posts\/142547\/revisions"}],"predecessor-version":[{"id":142549,"href":"https:\/\/www.messinaoggi.it\/website\/wp-json\/wp\/v2\/posts\/142547\/revisions\/142549"}],"wp:featuredmedia":[{"embeddable":true,"href":"https:\/\/www.messinaoggi.it\/website\/wp-json\/wp\/v2\/media\/142548"}],"wp:attachment":[{"href":"https:\/\/www.messinaoggi.it\/website\/wp-json\/wp\/v2\/media?parent=142547"}],"wp:term":[{"taxonomy":"category","embeddable":true,"href":"https:\/\/www.messinaoggi.it\/website\/wp-json\/wp\/v2\/categories?post=142547"},{"taxonomy":"post_tag","embeddable":true,"href":"https:\/\/www.messinaoggi.it\/website\/wp-json\/wp\/v2\/tags?post=142547"}],"curies":[{"name":"wp","href":"https:\/\/api.w.org\/{rel}","templated":true}]}}