{"id":14254,"date":"2018-01-13T15:00:44","date_gmt":"2018-01-13T14:00:44","guid":{"rendered":"http:\/\/www.messinaoggi.it\/website\/?p=14254"},"modified":"2018-01-13T15:00:44","modified_gmt":"2018-01-13T14:00:44","slug":"modica-non-crede-ad-una-nocerina-in-crisi-sono-una-squadra-di-valore","status":"publish","type":"post","link":"https:\/\/www.messinaoggi.it\/website\/2018\/01\/13\/modica-non-crede-ad-una-nocerina-in-crisi-sono-una-squadra-di-valore\/","title":{"rendered":"Modica non crede ad una Nocerina in crisi: &quot;Sono una squadra di valore&quot;"},"content":{"rendered":"<p style=\"text-align: justify;\">Giacomo Modica non si fida. La Nocerina \u00e8 squadra di alto profilo, fatta per il salto di categoria e il Messina sar\u00e0 chiamato ad un\u2019autentica prova di maturit\u00e0. \u00a0I peloritani sono pronti alla difficile trasferta in terra campana, i rossoneri tra le mura amiche per\u00f2 sono degli schiacciasassi, visto che solo l\u2019Igea Virtus \u00e8 riuscita ad uscire indenne dal San Francesco d\u2019Assisi. La Nocerina per\u00f2 non attraversa un momento semplice, la sconfitta di Vibo ha fatto finire i campani a meno 10 dal Troina capolista ed in pi\u00f9 stanno affrontando qualche difficolt\u00e0 societaria.<div id=\"div-gpt-ad-Messinaoggi.it-DSK-300x250-corpoart\" style=\"text-align:center;margin:0 auto;\"><\/div><\/p>\n<p style=\"text-align: justify;\">Giacomo Modica, per\u00f2, parla da uomo abituato ad affrontare le difficolt\u00e0: <em>&#8220;Da quando sono arrivato il calendario \u00e8 sempre stato in salita, ho preso la squadra ultima e quindi ogni partita era da vivere con un determinato spirito. Domani sar\u00e0 una partita importante, affrontiamo una squadra blasonata, costruita per fare un certo tipo di campionato. Sar\u00e0 un match importante per misurare il nostro stato di forma, ma anche la nostra maturit\u00e0. Loro sono la Nocerina ma noi ci chiamiamo Messina, non penso che si tratti dell\u2019ultima spiaggia per noi\u201d.<\/em><div id=\"videoincontent\" style=\"clear:both\";><\/div><\/p>\n<p style=\"text-align: justify;\">Una cosa \u00e8 certa, Modica non crede ad una Nocerina in crisi: <em>\u201cNon mi fido dei loro presunti problemi, hanno giocatori importanti che sanno superare questi problemi. Poi come ogni cosa dipende dall\u2019ambiente, queste situazioni possono rivelarsi un\u2019arma a doppio taglio perch\u00e9 possono ricompattarsi come trovare una situazione a loro avversa. Sono forti, hanno grandi nomi e dipender\u00e0 molto dlala loro capacit\u00e0 di essere gruppo. Per noi \u00e8 facile preparare questo genere di partite, domani affrontiamo la Juve del campionato e andremo l\u00ec a cercare di proporre quanto pi\u00f9 possibile il nostro calcio\u201d.<\/em><\/p>\n<p style=\"text-align: justify;\">Per il tecnico peloritano il grande dubbio continua a chiamarsi Migliorini: <em>\u201cNon so se lo rischio, \u00e8 un giocatore di una straordinaria importanza per noi. Valuteremo le sue condizioni e parler\u00f2 anche con il ragazzo per capire cosa si sente di fare\u201d. <\/em>Non saranno della partita neanche Bettini ed Inzoudine, visto che ancora non \u00e8 arirvato il trasfer. <em><br \/>\n<\/em><\/p>\n","protected":false},"excerpt":{"rendered":"<p>Giacomo Modica non si fida. La Nocerina \u00e8 squadra di alto profilo, fatta per il salto di categoria e il Messina sar\u00e0 chiamato ad un\u2019autentica prova di maturit\u00e0. \u00a0I peloritani sono pronti alla difficile trasferta in terra campana, i rossoneri tra le mura amiche per\u00f2 sono degli schiacciasassi, visto che solo l\u2019Igea Virtus \u00e8 riuscita [&hellip;]<\/p>\n","protected":false},"author":1,"featured_media":12343,"comment_status":"closed","ping_status":"open","sticky":false,"template":"","format":"standard","meta":{"ub_ctt_via":"","_mi_skip_tracking":false},"categories":[10],"tags":[],"featured_image_src":"https:\/\/www.messinaoggi.it\/website\/wp-content\/uploads\/2017\/12\/modica.jpg","author_info":{"display_name":"admin@admin.com","author_link":"https:\/\/www.messinaoggi.it\/website\/author\/adminadmin-com\/"},"digistream_id":0,"digistream":false,"_links":{"self":[{"href":"https:\/\/www.messinaoggi.it\/website\/wp-json\/wp\/v2\/posts\/14254"}],"collection":[{"href":"https:\/\/www.messinaoggi.it\/website\/wp-json\/wp\/v2\/posts"}],"about":[{"href":"https:\/\/www.messinaoggi.it\/website\/wp-json\/wp\/v2\/types\/post"}],"author":[{"embeddable":true,"href":"https:\/\/www.messinaoggi.it\/website\/wp-json\/wp\/v2\/users\/1"}],"replies":[{"embeddable":true,"href":"https:\/\/www.messinaoggi.it\/website\/wp-json\/wp\/v2\/comments?post=14254"}],"version-history":[{"count":0,"href":"https:\/\/www.messinaoggi.it\/website\/wp-json\/wp\/v2\/posts\/14254\/revisions"}],"wp:featuredmedia":[{"embeddable":true,"href":"https:\/\/www.messinaoggi.it\/website\/wp-json\/wp\/v2\/media\/12343"}],"wp:attachment":[{"href":"https:\/\/www.messinaoggi.it\/website\/wp-json\/wp\/v2\/media?parent=14254"}],"wp:term":[{"taxonomy":"category","embeddable":true,"href":"https:\/\/www.messinaoggi.it\/website\/wp-json\/wp\/v2\/categories?post=14254"},{"taxonomy":"post_tag","embeddable":true,"href":"https:\/\/www.messinaoggi.it\/website\/wp-json\/wp\/v2\/tags?post=14254"}],"curies":[{"name":"wp","href":"https:\/\/api.w.org\/{rel}","templated":true}]}}