{"id":142537,"date":"2023-02-18T10:02:22","date_gmt":"2023-02-18T09:02:22","guid":{"rendered":"http:\/\/www.messinaoggi.it\/website\/?p=142537"},"modified":"2023-02-18T10:09:20","modified_gmt":"2023-02-18T09:09:20","slug":"poste-ampliati-gli-orari-di-apertura-di-sparta-e-rometta","status":"publish","type":"post","link":"https:\/\/www.messinaoggi.it\/website\/2023\/02\/18\/poste-ampliati-gli-orari-di-apertura-di-sparta-e-rometta\/","title":{"rendered":"Poste, ampliati gli orari di apertura di Spart\u00e0 e Rometta"},"content":{"rendered":"\n<p>Poste Italiane conferma la sua vicinanza alle piccole realt\u00e0 locali, anche della provincia di Messina. Sono stati infatti ampliati gli orari di apertura al pubblico degli uffici postali di Spart\u00e0 e Rometta.<div id=\"div-gpt-ad-Messinaoggi.it-DSK-300x250-corpoart\" style=\"text-align:center;margin:0 auto;\"><\/div><\/p>\n\n\n\n<p>Gli interventi nel Messinese testimoniamo la volont\u00e0 di Poste Italiane di garantire un sostegno\u00a0concreto all\u2019intera provincia e alla sua comunit\u00e0 e in particolare nei comuni di Spart\u00e0 e Rometta dove le sedi rispettivamente di via Nazionale Spart\u00e0 e via San Cono sono disponibili dal <strong>luned\u00ec al venerd\u00ec dalle 8.20 alle 13.45 e il sabato fino alle 12.45<\/strong>.<div id=\"videoincontent\" style=\"clear:both\";><\/div><\/p>\n\n\n\n<p>Si ricorda inoltre a tutti i cittadini la possibilit\u00e0 di utilizzare i canali digitali come le App (Ufficio Postale, BancoPosta e Postepay) e il sito <a href=\"http:\/\/www.poste.it\">poste.it<\/a>, dove sono anche indicati i nuovi orari di apertura degli Uffici Postali.<\/p>\n","protected":false},"excerpt":{"rendered":"<p>Poste Italiane conferma la sua vicinanza alle piccole realt\u00e0 locali, anche della provincia di Messina. Sono stati infatti ampliati gli orari di apertura al pubblico degli uffici postali di Spart\u00e0 e Rometta. Gli interventi nel Messinese testimoniamo la volont\u00e0 di Poste Italiane di garantire un sostegno\u00a0concreto all\u2019intera provincia e alla sua comunit\u00e0 e in particolare [&hellip;]<\/p>\n","protected":false},"author":8,"featured_media":22564,"comment_status":"open","ping_status":"open","sticky":false,"template":"","format":"standard","meta":{"ub_ctt_via":"","_mi_skip_tracking":false},"categories":[5],"tags":[842,3007,6733],"featured_image_src":"https:\/\/www.messinaoggi.it\/website\/wp-content\/uploads\/2018\/07\/poste-italiane-1.jpg","author_info":{"display_name":"red..me","author_link":"https:\/\/www.messinaoggi.it\/website\/author\/redstage\/"},"digistream_id":0,"digistream":false,"_links":{"self":[{"href":"https:\/\/www.messinaoggi.it\/website\/wp-json\/wp\/v2\/posts\/142537"}],"collection":[{"href":"https:\/\/www.messinaoggi.it\/website\/wp-json\/wp\/v2\/posts"}],"about":[{"href":"https:\/\/www.messinaoggi.it\/website\/wp-json\/wp\/v2\/types\/post"}],"author":[{"embeddable":true,"href":"https:\/\/www.messinaoggi.it\/website\/wp-json\/wp\/v2\/users\/8"}],"replies":[{"embeddable":true,"href":"https:\/\/www.messinaoggi.it\/website\/wp-json\/wp\/v2\/comments?post=142537"}],"version-history":[{"count":2,"href":"https:\/\/www.messinaoggi.it\/website\/wp-json\/wp\/v2\/posts\/142537\/revisions"}],"predecessor-version":[{"id":142541,"href":"https:\/\/www.messinaoggi.it\/website\/wp-json\/wp\/v2\/posts\/142537\/revisions\/142541"}],"wp:featuredmedia":[{"embeddable":true,"href":"https:\/\/www.messinaoggi.it\/website\/wp-json\/wp\/v2\/media\/22564"}],"wp:attachment":[{"href":"https:\/\/www.messinaoggi.it\/website\/wp-json\/wp\/v2\/media?parent=142537"}],"wp:term":[{"taxonomy":"category","embeddable":true,"href":"https:\/\/www.messinaoggi.it\/website\/wp-json\/wp\/v2\/categories?post=142537"},{"taxonomy":"post_tag","embeddable":true,"href":"https:\/\/www.messinaoggi.it\/website\/wp-json\/wp\/v2\/tags?post=142537"}],"curies":[{"name":"wp","href":"https:\/\/api.w.org\/{rel}","templated":true}]}}