{"id":142447,"date":"2023-02-17T15:32:51","date_gmt":"2023-02-17T14:32:51","guid":{"rendered":"https:\/\/www.messinaoggi.it\/website\/2023\/02\/17\/palermo-si-candida-a-sede-dellautorita-europea-per-la-lotta-al-riciclaggio\/"},"modified":"2023-02-17T15:32:51","modified_gmt":"2023-02-17T14:32:51","slug":"palermo-si-candida-a-sede-dellautorita-europea-per-la-lotta-al-riciclaggio","status":"publish","type":"post","link":"https:\/\/www.messinaoggi.it\/website\/2023\/02\/17\/palermo-si-candida-a-sede-dellautorita-europea-per-la-lotta-al-riciclaggio\/","title":{"rendered":"Palermo si candida a sede dell\u2019Autorit\u00e0 europea per la lotta al riciclaggio"},"content":{"rendered":"<div>\n<p>PALERMO (ITALPRESS) \u2013 La Regione Siciliana e il Comune di Palermo sono pronti ad accogliere l\u2019Autorit\u00e0 europea per la lotta al riciclaggio di denaro e al finanziamento del terrorismo, di prossima istituzione. La sede individuata \u00e8 Castello Utveggio. Nei giorni scorsi, il governatore dell\u2019Isola Renato Schifani e il sindaco Roberto Lagalla hanno avanzato la proposta al presidente del Consiglio, Giorgia Meloni. E oggi \u00e8 gi\u00e0 arrivata la risposta di Palazzo Chigi, a firma del sottosegretario alla Presidenza, Alfredo Mantovano, su delega dello stesso premier. Nella nota vengono richieste ulteriori informazioni specifiche in modo tale da poter far concorrere Palermo come citt\u00e0 candidata per l\u2019Italia, insieme a Roma, Torino e Venezia.<br \/>\u201cLa risposta immediata di Palazzo Chigi \u2013 evidenzia Schifani \u2013 \u00e8 gi\u00e0 una prima buona notizia. Gli uffici della Regione e del Comune stanno gi\u00e0 preparando il dossier richiesto dal governo nazionale. Riteniamo che Palermo abbia tutte le carte in regola perch\u00e8 proprio qui, attraverso l\u2019opera e gli insegnamenti di magistrati come Giovanni Falcone e Paolo Borsellino, nel quadro del contrasto alla criminalit\u00e0 di stampo mafioso, sono state gettate le basi per l\u2019elaborazione della normativa nazionale in materia di antiriciclaggio. Uno strumento imprescindibile di prevenzione e di lotta alla corruzione dalla quale deriva l\u2019inquinamento dell\u2019economia e l\u2019alterazione delle regole di mercato\u201d.<br \/>\u201cEsprimo grande soddisfazione \u2013 aggiunge Lagalla \u2013 e pur nel rispetto di ogni proposta ritengo che Palermo possa aspirare ad esserne la sede pi\u00f9 idonea. La scelta della nostra citt\u00e0 assumerebbe, poi, un alto valore simbolico e di deterrenza dei reati mafiosi. In particolare di quelli connessi al reinvestimento di risorse illecite, anche per la possibilit\u00e0 di assegnare alla nuova Autorit\u00e0, senza oneri finanziari a carico dell\u2019Ue, immobili confiscati alla criminalit\u00e0 organizzata. Un segnale di grande importanza \u00e8 inoltre l\u2019appoggio formale che stanno dando all\u2019iniziativa tutte le istituzioni, fondazioni e associazioni che tengo a ringraziare\u201d.<br \/>La Regione ha gi\u00e0 manifestato la propria disponibilit\u00e0 ad ospitare l\u2019Amla nella sede di Castello Utveggio, recentemente ristrutturato dall\u2019amministrazione regionale con un corposo intervento di riqualificazione anche energetica. Il Comune, invece, potrebbe conferire ulteriori spazi d\u2019ufficio e un immobile di pregio storico nel centro della citt\u00e0, esattamente dove nacque e visse Giovanni Falcone.<br \/>Alla proposta di candidatura avanzata a Palazzo Chigi sono allegate una decina di lettere di gradimento da parte di enti pubblici e privati disponibili a contribuire, ciascuno per le proprie competenze, allo sviluppo delle attivit\u00e0 dell\u2019Autorit\u00e0. Si va dall\u2019Universit\u00e0 agli Ordini degli avvocati e dei commercialisti, dal Distretto giudiziario della Corte d\u2019Appello alle Fondazioni \u201cGaetano Costa\u201d, \u201cGiovanni Falcone\u201d, \u201cRocco Chinnici\u201d \u201cProgetto Legalit\u00e0\u201d, \u201cLuigi Einaudi\u201d e \u201cSicilia\u201d, dal Centro studi \u201cCesare Terranova\u201d al Siracusa international institute for criminal justice and human rights.<br \/>Attualmente, nel Mezzogiorno non sono presenti Autorit\u00e0 o articolazioni europee e tutte quelle esistenti hanno sede nell\u2019Italia settentrionale o centrale: Sicurezza alimentare a Parma, Formazione professionale a Torino, Ricerca a Ispra, Istituto universitario a Fiesole, oltre agli Uffici d\u2019 informazione del Parlamento europeo (Roma e Milano), della Bei e della delegazione Ue nella Capitale.<br \/>\u201cConfidiamo \u2013 concludono Schifani e Lagalla \u2013 in un\u2019attenta valutazione della candidatura e nell\u2019accoglimento della proposta, certi comunque che se l\u2019Autorit\u00e0 fosse insediata a Palermo contribuirebbe in modo determinante all\u2019ulteriore sviluppo del nostro territorio, essendo percepita da tutti i cittadini come una concreta attestazione di vicinanza delle istituzioni europee e soprattutto nazionali alla loro voglia di riscatto e di crescita economica culturale e civile\u201d.<div id=\"div-gpt-ad-Messinaoggi.it-DSK-300x250-corpoart\" style=\"text-align:center;margin:0 auto;\"><\/div><\/p>\n<p>\u201cQuesta candidatura \u00e8 una splendida notizia che si colloca nel solco storico della convenzione di Palermo\u201d, sottolinea Carolina Varchi, parlamentare nazionale per Fratelli di Italia alla Camera dei Deputati e Vice Sindaco di Palermo con delega alla Legalit\u00e0.<br \/>\u201cAncora una volta \u2013 aggiunge \u2013 la nostra citt\u00e0 in prima linea nella lotta a tutte le mafie, siamo al lavoro per accogliere l\u2019Agenzia e, con essa, efficaci ed importantissimi strumenti di lotta alla criminalit\u00e0 organizzata, soprattutto con riferimento ai reati di natura economica. Un obiettivo ambizioso che vede il Comune e la Regione Siciliana impegnate in prima linea\u201d. \u201cRingrazio il Sottosegretario Mantovano e il Presidente del Consiglio per l\u2019attenzione prestata anche alla nostra candidatura \u2013 prosegue Varchi -. Siamo al lavoro per offrire tutte le garanzie dovute e necessarie affinch\u00e8 il Governo possa valutare la candidatura dell\u2019Italia e, pi\u00f9 in particolare, della citt\u00e0 di Palermo\u201d.<br \/>credit photo agenziafotogramma.it<br \/>(ITALPRESS).<div id=\"videoincontent\" style=\"clear:both\";><\/div><\/p>\n<\/div>\n","protected":false},"excerpt":{"rendered":"<p>PALERMO (ITALPRESS) \u2013 La Regione Siciliana e il Comune di Palermo sono pronti ad accogliere l\u2019Autorit\u00e0 europea per la lotta al riciclaggio di denaro e al finanziamento del terrorismo, di prossima istituzione. La sede individuata \u00e8 Castello Utveggio. Nei giorni scorsi, il governatore dell\u2019Isola Renato Schifani e il sindaco Roberto Lagalla hanno avanzato la proposta [&hellip;]<\/p>\n","protected":false},"author":18,"featured_media":142448,"comment_status":"closed","ping_status":"closed","sticky":false,"template":"","format":"standard","meta":{"ub_ctt_via":"","_mi_skip_tracking":false},"categories":[2449],"tags":[783],"featured_image_src":"https:\/\/www.messinaoggi.it\/website\/wp-content\/uploads\/2023\/02\/20230217_1049.jpg","author_info":{"display_name":"Admin","author_link":"https:\/\/www.messinaoggi.it\/website\/author\/admin\/"},"digistream_id":0,"digistream":false,"_links":{"self":[{"href":"https:\/\/www.messinaoggi.it\/website\/wp-json\/wp\/v2\/posts\/142447"}],"collection":[{"href":"https:\/\/www.messinaoggi.it\/website\/wp-json\/wp\/v2\/posts"}],"about":[{"href":"https:\/\/www.messinaoggi.it\/website\/wp-json\/wp\/v2\/types\/post"}],"author":[{"embeddable":true,"href":"https:\/\/www.messinaoggi.it\/website\/wp-json\/wp\/v2\/users\/18"}],"replies":[{"embeddable":true,"href":"https:\/\/www.messinaoggi.it\/website\/wp-json\/wp\/v2\/comments?post=142447"}],"version-history":[{"count":0,"href":"https:\/\/www.messinaoggi.it\/website\/wp-json\/wp\/v2\/posts\/142447\/revisions"}],"wp:featuredmedia":[{"embeddable":true,"href":"https:\/\/www.messinaoggi.it\/website\/wp-json\/wp\/v2\/media\/142448"}],"wp:attachment":[{"href":"https:\/\/www.messinaoggi.it\/website\/wp-json\/wp\/v2\/media?parent=142447"}],"wp:term":[{"taxonomy":"category","embeddable":true,"href":"https:\/\/www.messinaoggi.it\/website\/wp-json\/wp\/v2\/categories?post=142447"},{"taxonomy":"post_tag","embeddable":true,"href":"https:\/\/www.messinaoggi.it\/website\/wp-json\/wp\/v2\/tags?post=142447"}],"curies":[{"name":"wp","href":"https:\/\/api.w.org\/{rel}","templated":true}]}}