{"id":142402,"date":"2023-02-17T12:07:54","date_gmt":"2023-02-17T11:07:54","guid":{"rendered":"https:\/\/www.messinaoggi.it\/website\/2023\/02\/17\/sanita-schillaci-servono-fondi-ma-anche-nuovo-modello-organizzativo\/"},"modified":"2023-02-17T12:10:03","modified_gmt":"2023-02-17T11:10:03","slug":"sanita-schillaci-servono-fondi-ma-anche-nuovo-modello-organizzativo","status":"publish","type":"post","link":"https:\/\/www.messinaoggi.it\/website\/2023\/02\/17\/sanita-schillaci-servono-fondi-ma-anche-nuovo-modello-organizzativo\/","title":{"rendered":"Sanit\u00e0, Schillaci \u201cServono fondi ma anche nuovo modello organizzativo\u201d"},"content":{"rendered":"<div>ROMA (ITALPRESS) &#8211; &#8220;Si fa spesso riferimento al fatto che il Sistema sanitario nazionale sia sotto finanziato. Questo \u00e8 avvenuto nei 10 anni precedenti al Covid, per\u00f2 non \u00e8 solo un problema di risorse ma anche di come si utilizzano i fondi. La centralit\u00e0 del ministero pu\u00f2 essere una guida per le Regioni e per costruire dei modelli. La sanit\u00e0 \u00e8 cambiata e abbiamo fortemente bisogno di nuovi modelli organizzativi&#8221;.<br \/>Cos\u00ec il ministro della Salute, Orazio Schillaci, ospite ad Agor\u00e0 su Rai3. &#8220;La scorsa settimana abbiamo distribuito 128 miliardi del fondo sanitario nazionale, si tratta del maggior impegno ottenuto in Italia. Avere pi\u00f9 risorse \u00e8 importante, ma \u00e8 necessario utilizzarle bene&#8221;, ha aggiunto. &#8220;Gi\u00e0 dal 2001 le Regioni hanno un ruolo fondamentale nella gestione della sanit\u00e0. Ci sono per\u00f2 sul territorio delle differenze tra Regioni e trovo inaccettabile che nel 2023 le aspettative di vita di un cittadino dipendano dal livello di istruzione e da dove si \u00e8 nati. Credo che avere dei modelli diversi vada visto in maniera positiva: se uno \u00e8 pi\u00f9 virtuoso pu\u00f2 diventare un esempio per chi lo \u00e8 meno. Dobbiamo assicurare a tutti le stesse possibilit\u00e0, indipendentemente da dove si \u00e8 nati e da dove si risiede&#8221;, ha concluso il ministro.<br \/>(ITALPRESS).<br \/>-foto agenziafotogramma.it-<\/div>\n<div id=\"div-gpt-ad-Messinaoggi.it-DSK-300x250-corpoart\" style=\"text-align:center;margin:0 auto;\"><\/div><\/p><div id=\"videoincontent\" style=\"clear:both\";><\/div>","protected":false},"excerpt":{"rendered":"<p>ROMA (ITALPRESS) &#8211; &#8220;Si fa spesso riferimento al fatto che il Sistema sanitario nazionale sia sotto finanziato. Questo \u00e8 avvenuto nei 10 anni precedenti al Covid, per\u00f2 non \u00e8 solo un problema di risorse ma anche di come si utilizzano i fondi. La centralit\u00e0 del ministero pu\u00f2 essere una guida per le Regioni e per [&hellip;]<\/p>\n","protected":false},"author":18,"featured_media":142403,"comment_status":"closed","ping_status":"closed","sticky":false,"template":"","format":"standard","meta":{"ub_ctt_via":"","_mi_skip_tracking":false},"categories":[221,446],"tags":[783],"featured_image_src":"https:\/\/www.messinaoggi.it\/website\/wp-content\/uploads\/2023\/02\/20230217_0339.jpg","author_info":{"display_name":"Admin","author_link":"https:\/\/www.messinaoggi.it\/website\/author\/admin\/"},"digistream_id":0,"digistream":false,"_links":{"self":[{"href":"https:\/\/www.messinaoggi.it\/website\/wp-json\/wp\/v2\/posts\/142402"}],"collection":[{"href":"https:\/\/www.messinaoggi.it\/website\/wp-json\/wp\/v2\/posts"}],"about":[{"href":"https:\/\/www.messinaoggi.it\/website\/wp-json\/wp\/v2\/types\/post"}],"author":[{"embeddable":true,"href":"https:\/\/www.messinaoggi.it\/website\/wp-json\/wp\/v2\/users\/18"}],"replies":[{"embeddable":true,"href":"https:\/\/www.messinaoggi.it\/website\/wp-json\/wp\/v2\/comments?post=142402"}],"version-history":[{"count":1,"href":"https:\/\/www.messinaoggi.it\/website\/wp-json\/wp\/v2\/posts\/142402\/revisions"}],"predecessor-version":[{"id":142407,"href":"https:\/\/www.messinaoggi.it\/website\/wp-json\/wp\/v2\/posts\/142402\/revisions\/142407"}],"wp:featuredmedia":[{"embeddable":true,"href":"https:\/\/www.messinaoggi.it\/website\/wp-json\/wp\/v2\/media\/142403"}],"wp:attachment":[{"href":"https:\/\/www.messinaoggi.it\/website\/wp-json\/wp\/v2\/media?parent=142402"}],"wp:term":[{"taxonomy":"category","embeddable":true,"href":"https:\/\/www.messinaoggi.it\/website\/wp-json\/wp\/v2\/categories?post=142402"},{"taxonomy":"post_tag","embeddable":true,"href":"https:\/\/www.messinaoggi.it\/website\/wp-json\/wp\/v2\/tags?post=142402"}],"curies":[{"name":"wp","href":"https:\/\/api.w.org\/{rel}","templated":true}]}}