{"id":142392,"date":"2023-02-17T12:04:46","date_gmt":"2023-02-17T11:04:46","guid":{"rendered":"http:\/\/www.messinaoggi.it\/website\/?p=142392"},"modified":"2023-02-17T13:30:01","modified_gmt":"2023-02-17T12:30:01","slug":"isole-pedonali-santoro-amministrazione-bandieruola","status":"publish","type":"post","link":"https:\/\/www.messinaoggi.it\/website\/2023\/02\/17\/isole-pedonali-santoro-amministrazione-bandieruola\/","title":{"rendered":"Isole pedonali, Santoro: &#8220;Amministrazione bandieruola&#8221;"},"content":{"rendered":"\n<p>Messina \u00e8 destinata a non avere un&#8217;Isola pedonale di senso compiuto. Non c&#8217;\u00e8 un progetto concreto e questo sta danneggiando soprattutto i commercianti del centro cittadino.<div id=\"div-gpt-ad-Messinaoggi.it-DSK-300x250-corpoart\" style=\"text-align:center;margin:0 auto;\"><\/div><\/p>\n\n\n\n<p><strong>Lino Santoro Amante<\/strong>, responsabile provinciale di PmiSicilia, \u00e8 un fiume in piena, quasi incontenibile, e lancia strali contro l&#8217;amministrazione comunale che negli ultimi mesi sul tema delle Isole pedonali ha fatto registrare pericolose marce indietro. <div id=\"videoincontent\" style=\"clear:both\";><\/div><\/p>\n\n\n\n<p>&#8220;Sento dire che l&#8217;isola pedonale di viale San Martino &#8211; afferma con tono disgustato -, sar\u00e0 eliminata perch\u00e9 un gruppo di commercianti riuniti in comitato ha lamentato perdite. Bene, se cos\u00ec sar\u00e0 mi viene da dire perch\u00e9 nel 2013 non c&#8217;erano questi amministratori, quando si decise di chiudere piazza Cairoli con danni notevoli per le aziende? Da allora a piazza Cairoli siamo rimasti solo in due a non avere cambiato societ\u00e0, le altre aziende sono state costrette a chiudere o passare la mano. La mia azienda ha perso tanti soldi, ma ci siamo dovuti adeguare. Adesso, questa amministrazione che si sta caratterizzano per il &#8216;vorrei ma non posso&#8217;, pare stia facendo marcia indietro su viale San Martino, causando danno a tutta la citt\u00e0. Sono in corso lavori di riqualificazione di piazza Cairoli e questa marcia indietro determiner\u00e0 un blocco di quella che nelle intenzioni del palazzo avrebbe dovuto essere un&#8217;unica isola pedonale con la prosecuzione del viale. Ma l&#8217;assessore <strong>Mondello<\/strong> \u00e8 all&#8217;altezza di portare avanti un progetto di Isola pedonale o no visto che \u00e8 solito tornare indietro sui suoi passi? Me lo chiedo e rivolgo la stessa domanda al sindaco Basile&#8221;.<\/p>\n\n\n\n<p><strong>Santoro<\/strong> poi torna indietro nel tempo e ricorda agli amministratori &#8220;smemorati&#8221; che in passato ci sono sono state proteste dei commercianti contrari all&#8217;isola pedonale di piazza Cairoli, ma la giunta-<strong>Accorinti <\/strong>(che non erano fenomeni), and\u00f2 avanti per la sua strada.<\/p>\n\n\n\n<p>&#8220;Ho fatto con altri colleghi delle battagli prendendomi gli insulti e anche gli atti vandalici, ma Accorinti non volle saperne nulla. Ci fu la mobilitazione di un&#8217;intera citt\u00e0, oggi dove sono finite quelle persone? Hanno forse rinunciato all&#8217;idea dell&#8217;isola pedonale?&#8221;<\/p>\n\n\n\n<p>E poi il tema del turismo. &#8220;Abbiamo un assessore al Turismo? Che cosa ha fatto per questa citt\u00e0 l&#8217;assessore Caruso a cui interessano la battaglia di Lepanto e le fortezze. Che fine hanno fatto le fermate dei bus che dovrebbero portare i turisti nel centro commerciale? Perch\u00e9 questa amministrazione le ha tolte? Dico a voi Caruso e Mondello&#8230;&#8221;<\/p>\n\n\n\n<p>Infine anche bordate anche per l&#8217;assessore al commercio, <strong>Massimo Finocchiaro<\/strong>. &#8220;Caro assessore, ben vengano le iniziative, ma prima di ogni cosa \u00e8 necessario pensare ai commercianti che stanno vivendo una crisi che ci sta portando alla chiusura. Siamo disperati, ma questo lei forse non l&#8217;ha ancora colto&#8221;.<\/p>\n\n\n\n<p><\/p>\n","protected":false},"excerpt":{"rendered":"<p>Messina \u00e8 destinata a non avere un&#8217;Isola pedonale di senso compiuto. Non c&#8217;\u00e8 un progetto concreto e questo sta danneggiando soprattutto i commercianti del centro cittadino. Lino Santoro Amante, responsabile provinciale di PmiSicilia, \u00e8 un fiume in piena, quasi incontenibile, e lancia strali contro l&#8217;amministrazione comunale che negli ultimi mesi sul tema delle Isole pedonali [&hellip;]<\/p>\n","protected":false},"author":2,"featured_media":48365,"comment_status":"open","ping_status":"open","sticky":false,"template":"","format":"standard","meta":{"ub_ctt_via":"","_mi_skip_tracking":false},"categories":[19],"tags":[2036,900,2406,79],"featured_image_src":"https:\/\/www.messinaoggi.it\/website\/wp-content\/uploads\/2020\/10\/122444913_10220863668973257_2782246404841939251_n.jpg","author_info":{"display_name":"Redazione","author_link":"https:\/\/www.messinaoggi.it\/website\/author\/redazione\/"},"digistream_id":0,"digistream":false,"_links":{"self":[{"href":"https:\/\/www.messinaoggi.it\/website\/wp-json\/wp\/v2\/posts\/142392"}],"collection":[{"href":"https:\/\/www.messinaoggi.it\/website\/wp-json\/wp\/v2\/posts"}],"about":[{"href":"https:\/\/www.messinaoggi.it\/website\/wp-json\/wp\/v2\/types\/post"}],"author":[{"embeddable":true,"href":"https:\/\/www.messinaoggi.it\/website\/wp-json\/wp\/v2\/users\/2"}],"replies":[{"embeddable":true,"href":"https:\/\/www.messinaoggi.it\/website\/wp-json\/wp\/v2\/comments?post=142392"}],"version-history":[{"count":5,"href":"https:\/\/www.messinaoggi.it\/website\/wp-json\/wp\/v2\/posts\/142392\/revisions"}],"predecessor-version":[{"id":142411,"href":"https:\/\/www.messinaoggi.it\/website\/wp-json\/wp\/v2\/posts\/142392\/revisions\/142411"}],"wp:featuredmedia":[{"embeddable":true,"href":"https:\/\/www.messinaoggi.it\/website\/wp-json\/wp\/v2\/media\/48365"}],"wp:attachment":[{"href":"https:\/\/www.messinaoggi.it\/website\/wp-json\/wp\/v2\/media?parent=142392"}],"wp:term":[{"taxonomy":"category","embeddable":true,"href":"https:\/\/www.messinaoggi.it\/website\/wp-json\/wp\/v2\/categories?post=142392"},{"taxonomy":"post_tag","embeddable":true,"href":"https:\/\/www.messinaoggi.it\/website\/wp-json\/wp\/v2\/tags?post=142392"}],"curies":[{"name":"wp","href":"https:\/\/api.w.org\/{rel}","templated":true}]}}