{"id":142377,"date":"2023-02-17T11:11:40","date_gmt":"2023-02-17T10:11:40","guid":{"rendered":"http:\/\/www.messinaoggi.it\/website\/?p=142377"},"modified":"2023-02-17T11:11:43","modified_gmt":"2023-02-17T10:11:43","slug":"de-luca-candidato-alle-europee-nessuna-reazione","status":"publish","type":"post","link":"https:\/\/www.messinaoggi.it\/website\/2023\/02\/17\/de-luca-candidato-alle-europee-nessuna-reazione\/","title":{"rendered":"De Luca candidato alle Europee? Nessuna reazione"},"content":{"rendered":"\n<p><strong>Riceviamo e pubblichiamo una riflessione dell&#8217;avvocato Emilio Fragale.<\/strong><div id=\"div-gpt-ad-Messinaoggi.it-DSK-300x250-corpoart\" style=\"text-align:center;margin:0 auto;\"><\/div><\/p>\n\n\n\n<p>&#8220;Ho ascoltato una breve intervista rilasciata da Cateno De Luca.<div id=\"videoincontent\" style=\"clear:both\";><\/div><\/p>\n\n\n\n<p>Emergono due passaggi. Sul primo sorvolo. La verifica della dimensione potenziale del partito\/movimento ispirato da De Luca oltre il confine isolano (che gi\u00e0 non \u00e8 poco). Sul secondo intendo soffermarmi. Il pungolo, lo stimolo, la sollecitazione agli enti locali, a partire da quelli meridionali, nella sfida &#8211; tutta dell\u2019autonomia e dell\u2019autogoverno &#8211; incline alla progettualit\u00e0 e alla strategicit\u00e0.<\/p>\n\n\n\n<p>\u00c8 sempre complesso, quando si vuole andare oltre l\u2019impatto empatico che deriva dall\u2019imprintig social-mediatico di De Luca, comprendere se vi \u00e8 pensiero stratificato complementare ad intuito liricamente primitivo. Rinvio ad una citazione. \u201cI tempi primitivi sono lirici, i tempi antichi sono epici, i tempi moderni sono drammatici. (Victor Hugo)\u201d. <\/p>\n\n\n\n<p>Ora, ogni proposta elettorale, in aperta avversione con i c.d. partiti tradizionali, viene letta anche in Europa come rigurgito di populismi e sovranismi tanto pi\u00f9 insidiosi quanto pi\u00f9 particellari e puntiformi. Il richiamo alle identit\u00e0 viene mal digerito. Si annida un errore o quanto meno una insidia. Si ricosconono le \u201cregioni\u201d. Meno, molto meno, le citt\u00e0. Solo che l\u2019Europa del cambiamento \u00e8 innanzitutto una Europa delle citt\u00e0. Citt\u00e0 con i loro centri, le loro periferie, i loro \u201cnon luoghi\u201d. Citt\u00e0 come presidio di civilt\u00e0: giuste, sostenibili, inclusive, verdi, digitali. Non si tratta di rivendicare il sostegno alle citt\u00e0 ma di concepire le citt\u00e0 a fondamento della Unione Europea.<\/p>\n\n\n\n<p>E Messina? Messina che citt\u00e0 \u00e8? Paradossalmente ce lo ricorda, da ultimo, la dinamica della tremenda guerra in Ucraina. Una guerra \u201ctradizionale\u201d. Conta la geografia. Quella geografia che pu\u00f2 essere annullata solo con armi e armamenti non convenzionali. Quella geografia ci dice che Messina, porta e crocevia al centro del Mediterraneo, \u00e8 una citt\u00e0 importante, ultra importante. Ne \u00e8 ancora testimonianza il Salone delle Bandiere a Palazzo Zanca. Vi si raccoglie lo spirito della Europa. Lo spirito di Messina. <\/p>\n\n\n\n<p>Questa citt\u00e0 non ha mai espresso un deputato europeo. Non si tratta di amara constatazione campanilistica ma di appello-denunzia nel cuore di una Europa che va ripensata&#8221;.<\/p>\n\n\n\n<p><strong>Emilio Fragale<\/strong><\/p>\n","protected":false},"excerpt":{"rendered":"<p>Riceviamo e pubblichiamo una riflessione dell&#8217;avvocato Emilio Fragale. &#8220;Ho ascoltato una breve intervista rilasciata da Cateno De Luca. Emergono due passaggi. Sul primo sorvolo. La verifica della dimensione potenziale del partito\/movimento ispirato da De Luca oltre il confine isolano (che gi\u00e0 non \u00e8 poco). Sul secondo intendo soffermarmi. Il pungolo, lo stimolo, la sollecitazione agli [&hellip;]<\/p>\n","protected":false},"author":2,"featured_media":43337,"comment_status":"open","ping_status":"open","sticky":false,"template":"","format":"standard","meta":{"ub_ctt_via":"","_mi_skip_tracking":false},"categories":[12],"tags":[6723,126,2608],"featured_image_src":"https:\/\/www.messinaoggi.it\/website\/wp-content\/uploads\/2020\/05\/FRagale-Emilio.jpg","author_info":{"display_name":"Redazione","author_link":"https:\/\/www.messinaoggi.it\/website\/author\/redazione\/"},"digistream_id":0,"digistream":false,"_links":{"self":[{"href":"https:\/\/www.messinaoggi.it\/website\/wp-json\/wp\/v2\/posts\/142377"}],"collection":[{"href":"https:\/\/www.messinaoggi.it\/website\/wp-json\/wp\/v2\/posts"}],"about":[{"href":"https:\/\/www.messinaoggi.it\/website\/wp-json\/wp\/v2\/types\/post"}],"author":[{"embeddable":true,"href":"https:\/\/www.messinaoggi.it\/website\/wp-json\/wp\/v2\/users\/2"}],"replies":[{"embeddable":true,"href":"https:\/\/www.messinaoggi.it\/website\/wp-json\/wp\/v2\/comments?post=142377"}],"version-history":[{"count":1,"href":"https:\/\/www.messinaoggi.it\/website\/wp-json\/wp\/v2\/posts\/142377\/revisions"}],"predecessor-version":[{"id":142378,"href":"https:\/\/www.messinaoggi.it\/website\/wp-json\/wp\/v2\/posts\/142377\/revisions\/142378"}],"wp:featuredmedia":[{"embeddable":true,"href":"https:\/\/www.messinaoggi.it\/website\/wp-json\/wp\/v2\/media\/43337"}],"wp:attachment":[{"href":"https:\/\/www.messinaoggi.it\/website\/wp-json\/wp\/v2\/media?parent=142377"}],"wp:term":[{"taxonomy":"category","embeddable":true,"href":"https:\/\/www.messinaoggi.it\/website\/wp-json\/wp\/v2\/categories?post=142377"},{"taxonomy":"post_tag","embeddable":true,"href":"https:\/\/www.messinaoggi.it\/website\/wp-json\/wp\/v2\/tags?post=142377"}],"curies":[{"name":"wp","href":"https:\/\/api.w.org\/{rel}","templated":true}]}}